{"id":98,"date":"2009-10-26T14:56:47","date_gmt":"2009-10-26T14:56:47","guid":{"rendered":"http:\/\/hmoser.wordpress.com\/?p=98"},"modified":"2009-10-26T14:56:47","modified_gmt":"2009-10-26T14:56:47","slug":"kultursensible-pflege-anhand-eines-konkreten-beispiels","status":"publish","type":"post","link":"https:\/\/bewegung-und-interaktion.at\/index.php\/kultursensible-pflege-anhand-eines-konkreten-beispiels","title":{"rendered":"Kultursensible Pflege anhand eines konkreten Beispiels"},"content":{"rendered":"<p>Ein junger t\u00fcrkischer Mann muslimischen Glaubens wurde verletzt nach einem Arbeitsunfall in einem Unfallkrankenhaus als Patient aufgenommen. Auf der Station musste er von der Transportliege in ein Bett transferiert werden. Das gestaltete sich sehr schwierig, da der Mann ununterbrochen st\u00f6hnte. Man wusste nicht, wo man ihn angreifen konnte, ohne ihm weh zu tun. Eine gr\u00f6\u00dfere Verwandtschaft, die auf t\u00fcrkisch mit dem Mann redete, erschwerte eine Ziel f\u00fchrende Kommunikation und konzentriertes Arbeiten.<\/p>\n<p>Die L\u00f6sung dieser schwierigen Situation war nicht nur, kompetent beim Transfer zu unterst\u00fctzen (AEDL Sich Bewegen). Die Pflegenden bem\u00fchten sich, mit ihm in Dialog zu treten (AEDL Kommunizieren). Sie waren bestrebt, seine\u00a0 Schmerz\u00e4u\u00dferungen zu verstehen und zu beachten (AEDL Existenzielle Erfahrungen des Lebens). Die Stationsschwester \u00fcbernahm die Angeh\u00f6rigenarbeit (AEDL Soziale Bereiche des Lebens sichern und gestalten).<\/p>\n<p>Als dann der Mann recht zufrieden im Bett lag, kamen die Angeh\u00f6rigen wieder und boten ihm allerlei Leckerbissen in der liegenden Position (AEDL Essen und Trinken, AEDL Vitale Funktionen aufrecht erhalten) an. Wieder war kompetente Angeh\u00f6rigenarbeit n\u00f6tig.\u00a0<\/p>\n<p>Mit der Abendtoilette (AEDL Sich Pflegen) wurde auf den Dienstbeginn einer m\u00e4nnlichen Pflegeperson gewartet. Der Patient hatte den Wunsch nach gleichgeschlechtlicher Pflege ge\u00e4u\u00dfert. Dieser wurde selbstverst\u00e4ndlich, wie es im \u00dcbrigen auch sonst gehalten wird, ber\u00fccksichtigt. Die Pflegenden wissen, dass <strong>Muslime sich mit flie\u00dfendem Wasser<\/strong> waschen wollen. Um das bei Bettl\u00e4gerigkeit bewerkstelligen zu k\u00f6nnen, ist neben dem Lavoir ein Krug mit warmem Wasser n\u00f6tig. Auf diese Weise kann der Waschlappen, der w\u00e4hrend des Waschvorgangs mehrmals gewechselt werden muss, immer wieder mit frischem Wasser begossen werden. Wie viele Waschlappen verwendet werden sollen, h\u00e4ngt davon ab, ob es sich um eine Teil- oder Ganzk\u00f6rperw\u00e4sche handelt.\u00a0\u00a0\u00a0\u00a0<\/p>\n<p>Auch die Bettsch\u00fcssel wurde ihm von einem Pfleger gereicht (AEDL Ausscheiden). Die besondere Sorgfalt, mit der dies auf Grund der Verletzung geschehen musste, war die gleiche, die auch bei PatientInnen ohne Migrationshintergrund gewaltet h\u00e4tte. Allerdings ist es wichtig zu wissen, dass Muslime sich ihren <strong>Unterleib nach der Ausscheidung mit flie\u00dfendem warmem Wasser waschen<\/strong> wollen. Eine Gie\u00dfkanne kann im Fall der Bettl\u00e4gerigkeit gute Dienste leisten. Sollte die Toilette nicht mit einem Bidet ausgestattet sein, kann auch dort die Gie\u00dfkanne von Nutzen sein.<\/p>\n<p>AEDL Essen und Trinken: Es gen\u00fcgt nicht zu wissen, dass Muslime kein Schweinefleisch essen wollen. Ein\/e streng gl\u00e4ubige\/r Muslim\/a will nur Nahrung zu sich nehmen, die <strong>helal<\/strong> (bezeichnet alle Dinge und Taten, die im Islam erlaubt und zul\u00e4ssig sind) ist. Wie streng eine muslimische Person sich nach helal richtet, ist individuell unterschiedlich. Im einen Fall sind Personen zufrieden mit nicht- Schweinefleisch. Strengere w\u00e4hlen vegetarische Kost, und noch Strengere werden sich Essen von zuhause bringen lassen. Jeder Variante sollte mit Wertsch\u00e4tzung begegnet werden.\u00a0<\/p>\n<p>Kultursensibel Pflegende k\u00f6nnen die manchmal speziellen oder ihnen unverst\u00e4ndlich erscheinenden W\u00fcnsche und Bed\u00fcrfnisse von pflegebed\u00fcrftigen Menschen als m\u00f6gliche und gleichwertige Varianten betrachten. So wird viel Konfliktpotential vermieden und der Gesundheitsprozess gef\u00f6rdert.<\/p>\n","protected":false},"excerpt":{"rendered":"<p>Ein junger t\u00fcrkischer Mann muslimischen Glaubens wurde verletzt nach einem Arbeitsunfall in einem Unfallkrankenhaus als Patient aufgenommen. Auf der Station musste er von der Transportliege in ein Bett transferiert werden. Das gestaltete sich sehr schwierig, da der Mann ununterbrochen st\u00f6hnte. &hellip; <a href=\"https:\/\/bewegung-und-interaktion.at\/index.php\/kultursensible-pflege-anhand-eines-konkreten-beispiels\">Weiterlesen <span class=\"meta-nav\">&rarr;<\/span><\/a><\/p>\n","protected":false},"author":2,"featured_media":0,"comment_status":"open","ping_status":"closed","sticky":false,"template":"","format":"standard","meta":{"footnotes":""},"categories":[3,4],"tags":[10,25,27,36],"class_list":["post-98","post","type-post","status-publish","format-standard","hentry","category-bildung-pflege","category-interkulturelles","tag-anderssein","tag-helal","tag-interkultur","tag-pflege"],"yoast_head":"<!-- This site is optimized with the Yoast SEO plugin v27.5 - https:\/\/yoast.com\/product\/yoast-seo-wordpress\/ -->\n<title>Kultursensible Pflege anhand eines konkreten Beispiels - Bewegung und Interaktion<\/title>\n<meta name=\"robots\" content=\"index, follow, max-snippet:-1, max-image-preview:large, max-video-preview:-1\" \/>\n<link rel=\"canonical\" href=\"https:\/\/bewegung-und-interaktion.at\/index.php\/kultursensible-pflege-anhand-eines-konkreten-beispiels\" \/>\n<meta property=\"og:locale\" content=\"de_DE\" \/>\n<meta property=\"og:type\" content=\"article\" \/>\n<meta property=\"og:title\" content=\"Kultursensible Pflege anhand eines konkreten Beispiels - Bewegung und Interaktion\" \/>\n<meta property=\"og:description\" content=\"Ein junger t\u00fcrkischer Mann muslimischen Glaubens wurde verletzt nach einem Arbeitsunfall in einem Unfallkrankenhaus als Patient aufgenommen. Auf der Station musste er von der Transportliege in ein Bett transferiert werden. Das gestaltete sich sehr schwierig, da der Mann ununterbrochen st\u00f6hnte. &hellip; Weiterlesen &rarr;\" \/>\n<meta property=\"og:url\" content=\"https:\/\/bewegung-und-interaktion.at\/index.php\/kultursensible-pflege-anhand-eines-konkreten-beispiels\" \/>\n<meta property=\"og:site_name\" content=\"Bewegung und Interaktion\" \/>\n<meta property=\"article:published_time\" content=\"2009-10-26T14:56:47+00:00\" \/>\n<meta name=\"author\" content=\"Hermine Moser\" \/>\n<meta name=\"twitter:card\" content=\"summary_large_image\" \/>\n<meta name=\"twitter:label1\" content=\"Verfasst von\" \/>\n\t<meta name=\"twitter:data1\" content=\"Hermine Moser\" \/>\n\t<meta name=\"twitter:label2\" content=\"Gesch\u00e4tzte Lesezeit\" \/>\n\t<meta name=\"twitter:data2\" content=\"3\u00a0Minuten\" \/>\n<script type=\"application\/ld+json\" class=\"yoast-schema-graph\">{\"@context\":\"https:\\\/\\\/schema.org\",\"@graph\":[{\"@type\":\"Article\",\"@id\":\"https:\\\/\\\/bewegung-und-interaktion.at\\\/index.php\\\/kultursensible-pflege-anhand-eines-konkreten-beispiels#article\",\"isPartOf\":{\"@id\":\"https:\\\/\\\/bewegung-und-interaktion.at\\\/index.php\\\/kultursensible-pflege-anhand-eines-konkreten-beispiels\"},\"author\":{\"name\":\"Hermine Moser\",\"@id\":\"https:\\\/\\\/bewegung-und-interaktion.at\\\/#\\\/schema\\\/person\\\/419435730b70b11186d7e16056d78757\"},\"headline\":\"Kultursensible Pflege anhand eines konkreten Beispiels\",\"datePublished\":\"2009-10-26T14:56:47+00:00\",\"mainEntityOfPage\":{\"@id\":\"https:\\\/\\\/bewegung-und-interaktion.at\\\/index.php\\\/kultursensible-pflege-anhand-eines-konkreten-beispiels\"},\"wordCount\":514,\"commentCount\":0,\"keywords\":[\"Anderssein\",\"helal\",\"Interkultur\",\"Pflege\"],\"articleSection\":[\"Bildung &amp; Pflege\",\"Interkulturelles\"],\"inLanguage\":\"de\",\"potentialAction\":[{\"@type\":\"CommentAction\",\"name\":\"Comment\",\"target\":[\"https:\\\/\\\/bewegung-und-interaktion.at\\\/index.php\\\/kultursensible-pflege-anhand-eines-konkreten-beispiels#respond\"]}]},{\"@type\":\"WebPage\",\"@id\":\"https:\\\/\\\/bewegung-und-interaktion.at\\\/index.php\\\/kultursensible-pflege-anhand-eines-konkreten-beispiels\",\"url\":\"https:\\\/\\\/bewegung-und-interaktion.at\\\/index.php\\\/kultursensible-pflege-anhand-eines-konkreten-beispiels\",\"name\":\"Kultursensible Pflege anhand eines konkreten Beispiels - Bewegung und Interaktion\",\"isPartOf\":{\"@id\":\"https:\\\/\\\/bewegung-und-interaktion.at\\\/#website\"},\"datePublished\":\"2009-10-26T14:56:47+00:00\",\"author\":{\"@id\":\"https:\\\/\\\/bewegung-und-interaktion.at\\\/#\\\/schema\\\/person\\\/419435730b70b11186d7e16056d78757\"},\"breadcrumb\":{\"@id\":\"https:\\\/\\\/bewegung-und-interaktion.at\\\/index.php\\\/kultursensible-pflege-anhand-eines-konkreten-beispiels#breadcrumb\"},\"inLanguage\":\"de\",\"potentialAction\":[{\"@type\":\"ReadAction\",\"target\":[\"https:\\\/\\\/bewegung-und-interaktion.at\\\/index.php\\\/kultursensible-pflege-anhand-eines-konkreten-beispiels\"]}]},{\"@type\":\"BreadcrumbList\",\"@id\":\"https:\\\/\\\/bewegung-und-interaktion.at\\\/index.php\\\/kultursensible-pflege-anhand-eines-konkreten-beispiels#breadcrumb\",\"itemListElement\":[{\"@type\":\"ListItem\",\"position\":1,\"name\":\"Startseite\",\"item\":\"https:\\\/\\\/bewegung-und-interaktion.at\\\/\"},{\"@type\":\"ListItem\",\"position\":2,\"name\":\"Kultursensible Pflege anhand eines konkreten Beispiels\"}]},{\"@type\":\"WebSite\",\"@id\":\"https:\\\/\\\/bewegung-und-interaktion.at\\\/#website\",\"url\":\"https:\\\/\\\/bewegung-und-interaktion.at\\\/\",\"name\":\"Bewegung und Interaktion\",\"description\":\"von Hermine Moser\",\"potentialAction\":[{\"@type\":\"SearchAction\",\"target\":{\"@type\":\"EntryPoint\",\"urlTemplate\":\"https:\\\/\\\/bewegung-und-interaktion.at\\\/?s={search_term_string}\"},\"query-input\":{\"@type\":\"PropertyValueSpecification\",\"valueRequired\":true,\"valueName\":\"search_term_string\"}}],\"inLanguage\":\"de\"},{\"@type\":\"Person\",\"@id\":\"https:\\\/\\\/bewegung-und-interaktion.at\\\/#\\\/schema\\\/person\\\/419435730b70b11186d7e16056d78757\",\"name\":\"Hermine Moser\",\"url\":\"https:\\\/\\\/bewegung-und-interaktion.at\\\/index.php\\\/author\\\/hmoser\"}]}<\/script>\n<!-- \/ Yoast SEO plugin. -->","yoast_head_json":{"title":"Kultursensible Pflege anhand eines konkreten Beispiels - Bewegung und Interaktion","robots":{"index":"index","follow":"follow","max-snippet":"max-snippet:-1","max-image-preview":"max-image-preview:large","max-video-preview":"max-video-preview:-1"},"canonical":"https:\/\/bewegung-und-interaktion.at\/index.php\/kultursensible-pflege-anhand-eines-konkreten-beispiels","og_locale":"de_DE","og_type":"article","og_title":"Kultursensible Pflege anhand eines konkreten Beispiels - Bewegung und Interaktion","og_description":"Ein junger t\u00fcrkischer Mann muslimischen Glaubens wurde verletzt nach einem Arbeitsunfall in einem Unfallkrankenhaus als Patient aufgenommen. Auf der Station musste er von der Transportliege in ein Bett transferiert werden. Das gestaltete sich sehr schwierig, da der Mann ununterbrochen st\u00f6hnte. &hellip; Weiterlesen &rarr;","og_url":"https:\/\/bewegung-und-interaktion.at\/index.php\/kultursensible-pflege-anhand-eines-konkreten-beispiels","og_site_name":"Bewegung und Interaktion","article_published_time":"2009-10-26T14:56:47+00:00","author":"Hermine Moser","twitter_card":"summary_large_image","twitter_misc":{"Verfasst von":"Hermine Moser","Gesch\u00e4tzte Lesezeit":"3\u00a0Minuten"},"schema":{"@context":"https:\/\/schema.org","@graph":[{"@type":"Article","@id":"https:\/\/bewegung-und-interaktion.at\/index.php\/kultursensible-pflege-anhand-eines-konkreten-beispiels#article","isPartOf":{"@id":"https:\/\/bewegung-und-interaktion.at\/index.php\/kultursensible-pflege-anhand-eines-konkreten-beispiels"},"author":{"name":"Hermine Moser","@id":"https:\/\/bewegung-und-interaktion.at\/#\/schema\/person\/419435730b70b11186d7e16056d78757"},"headline":"Kultursensible Pflege anhand eines konkreten Beispiels","datePublished":"2009-10-26T14:56:47+00:00","mainEntityOfPage":{"@id":"https:\/\/bewegung-und-interaktion.at\/index.php\/kultursensible-pflege-anhand-eines-konkreten-beispiels"},"wordCount":514,"commentCount":0,"keywords":["Anderssein","helal","Interkultur","Pflege"],"articleSection":["Bildung &amp; Pflege","Interkulturelles"],"inLanguage":"de","potentialAction":[{"@type":"CommentAction","name":"Comment","target":["https:\/\/bewegung-und-interaktion.at\/index.php\/kultursensible-pflege-anhand-eines-konkreten-beispiels#respond"]}]},{"@type":"WebPage","@id":"https:\/\/bewegung-und-interaktion.at\/index.php\/kultursensible-pflege-anhand-eines-konkreten-beispiels","url":"https:\/\/bewegung-und-interaktion.at\/index.php\/kultursensible-pflege-anhand-eines-konkreten-beispiels","name":"Kultursensible Pflege anhand eines konkreten Beispiels - Bewegung und Interaktion","isPartOf":{"@id":"https:\/\/bewegung-und-interaktion.at\/#website"},"datePublished":"2009-10-26T14:56:47+00:00","author":{"@id":"https:\/\/bewegung-und-interaktion.at\/#\/schema\/person\/419435730b70b11186d7e16056d78757"},"breadcrumb":{"@id":"https:\/\/bewegung-und-interaktion.at\/index.php\/kultursensible-pflege-anhand-eines-konkreten-beispiels#breadcrumb"},"inLanguage":"de","potentialAction":[{"@type":"ReadAction","target":["https:\/\/bewegung-und-interaktion.at\/index.php\/kultursensible-pflege-anhand-eines-konkreten-beispiels"]}]},{"@type":"BreadcrumbList","@id":"https:\/\/bewegung-und-interaktion.at\/index.php\/kultursensible-pflege-anhand-eines-konkreten-beispiels#breadcrumb","itemListElement":[{"@type":"ListItem","position":1,"name":"Startseite","item":"https:\/\/bewegung-und-interaktion.at\/"},{"@type":"ListItem","position":2,"name":"Kultursensible Pflege anhand eines konkreten Beispiels"}]},{"@type":"WebSite","@id":"https:\/\/bewegung-und-interaktion.at\/#website","url":"https:\/\/bewegung-und-interaktion.at\/","name":"Bewegung und Interaktion","description":"von Hermine Moser","potentialAction":[{"@type":"SearchAction","target":{"@type":"EntryPoint","urlTemplate":"https:\/\/bewegung-und-interaktion.at\/?s={search_term_string}"},"query-input":{"@type":"PropertyValueSpecification","valueRequired":true,"valueName":"search_term_string"}}],"inLanguage":"de"},{"@type":"Person","@id":"https:\/\/bewegung-und-interaktion.at\/#\/schema\/person\/419435730b70b11186d7e16056d78757","name":"Hermine Moser","url":"https:\/\/bewegung-und-interaktion.at\/index.php\/author\/hmoser"}]}},"_links":{"self":[{"href":"https:\/\/bewegung-und-interaktion.at\/index.php\/wp-json\/wp\/v2\/posts\/98","targetHints":{"allow":["GET"]}}],"collection":[{"href":"https:\/\/bewegung-und-interaktion.at\/index.php\/wp-json\/wp\/v2\/posts"}],"about":[{"href":"https:\/\/bewegung-und-interaktion.at\/index.php\/wp-json\/wp\/v2\/types\/post"}],"author":[{"embeddable":true,"href":"https:\/\/bewegung-und-interaktion.at\/index.php\/wp-json\/wp\/v2\/users\/2"}],"replies":[{"embeddable":true,"href":"https:\/\/bewegung-und-interaktion.at\/index.php\/wp-json\/wp\/v2\/comments?post=98"}],"version-history":[{"count":0,"href":"https:\/\/bewegung-und-interaktion.at\/index.php\/wp-json\/wp\/v2\/posts\/98\/revisions"}],"wp:attachment":[{"href":"https:\/\/bewegung-und-interaktion.at\/index.php\/wp-json\/wp\/v2\/media?parent=98"}],"wp:term":[{"taxonomy":"category","embeddable":true,"href":"https:\/\/bewegung-und-interaktion.at\/index.php\/wp-json\/wp\/v2\/categories?post=98"},{"taxonomy":"post_tag","embeddable":true,"href":"https:\/\/bewegung-und-interaktion.at\/index.php\/wp-json\/wp\/v2\/tags?post=98"}],"curies":[{"name":"wp","href":"https:\/\/api.w.org\/{rel}","templated":true}]}}