{"id":93,"date":"2009-10-25T08:55:04","date_gmt":"2009-10-25T08:55:04","guid":{"rendered":"http:\/\/hmoser.wordpress.com\/?p=93"},"modified":"2009-10-25T08:55:04","modified_gmt":"2009-10-25T08:55:04","slug":"hat-pflege-einen-kultursensiblen-auftrag","status":"publish","type":"post","link":"https:\/\/bewegung-und-interaktion.at\/index.php\/hat-pflege-einen-kultursensiblen-auftrag","title":{"rendered":"Hat Pflege einen kultursensiblen Auftrag?"},"content":{"rendered":"<p><strong>Jedes Individuum ist ein kulturell gepr\u00e4gtes Wesen<\/strong> und Mitglied mehrerer unter Umst\u00e4nden auch einander widersprechender Lebenswelten. Daf\u00fcr sensibel zu sein und diese Sensibilit\u00e4t in der allt\u00e4glichen Pflege- und Betreuungsarbeit umzusetzen wird Pflegende der Zukunft auszeichnen.\u00a0<\/p>\n<p>\u00a0Die Definition von Pflege des International Council of Nurses (ICN), ver\u00f6ffentlicht in der \u00d6sterreichische Pflegezeitschrift Nr. 02 Feb. 06 lautet:\u00a0\u00a0<\/p>\n<p style=\"text-align:center;\"><em><strong>Pflege<\/strong> umfasst die <strong>eigenverantwortliche Versorgung und Betreuung<\/strong>, allein oder in Kooperation mit anderen Berufsangeh\u00f6rigen, von Menschen aller Altersgruppen, von Familien oder Lebensgemeinschaften, sowie <strong>von Gruppen und sozialen Gemeinschaften<\/strong>, ob krank oder gesund, <strong>in allen Lebenssituationen.<\/strong> Pflege schlie\u00dft die F\u00f6rderung der Gesundheit, Verh\u00fctung von Krankheiten und die Versorgung und Betreuung kranker, behinderter und sterbender Menschen ein. Weitere Schl\u00fcsselaufgaben der Pflege sind Wahrnehmung der Interessen und Bed\u00fcrfnisse, F\u00f6rderung einer sicheren Umgebung, Forschung, Mitwirkung in der Gestaltung der Gesundheitspolitik sowie im Management des Gesundheitswesens und in der Bildung. <\/em><\/p>\n<p>Speziell aus der Aussage \u201eBetreuung \u2026 von Gruppen und sozialen Gemeinschaften \u2026\u201c geht hervor, dass Pflegende es als ihre selbstverst\u00e4ndliche Aufgabe sehen k\u00f6nnen, interkulturelle Aspekte in ihre Arbeit einzubeziehen und kulturell sensibel zu handeln.<\/p>\n<p>Ein kurzer berufskundlicher Exkurs zum Berufsbild Pflege soll obige Definition erg\u00e4nzen.<\/p>\n<p>In Abgrenzung zum \u00e4rztlich-medizinischen Bereich haben sich Pflegende immer schon gefragt, was die <strong>ureigensten Aufgaben der Pflege<\/strong> sind. Mit Hilfe von verbindlichen theoretischen Modellen haben sie versucht, die einzelnen pers\u00f6nlichen Bilder und Einstellungen der Pflegenden in einem konzeptionellen Modell zusammen fassen. Sie wollten damit die Kommunikation innerhalb des Pflegeberufes erm\u00f6glichen und die Darstellung nach au\u00dfen als eigenst\u00e4ndiges Berufsbild bewirken.<\/p>\n<p>In Anlehnung an die Maslow`sche Bed\u00fcrfnispyramide hat die Pflegetheoretikerin Virginia Henderson die <strong>\u201eGrundbed\u00fcrfnisse\u201c<\/strong> formuliert. Die Unterst\u00fctzung bei der Erf\u00fcllung grundlegender menschlicher Bed\u00fcrfnisse wurde als Aufgabe der Pflegenden betrachtet. Von der Pflegewissenschafterin Nancy Ropers wurden diese Grundbed\u00fcrfnisse pr\u00e4zisiert und <strong>\u201eLebensaktivit\u00e4ten\u201c<\/strong> genannt. Die Pflegewissenschafterin Monika Krohwinkel bezog in die Lebensaktivit\u00e4ten auch (Lebens) Erfahrungen ein. Sie formulierte schlie\u00dflich die <strong>\u201eAktivit\u00e4ten und existenziellen Erfahrungen des Lebens\u201c<\/strong> (AEDL`s). (Seel, Mechthild\/Hurlimann, Elke 2005: 31 \u2013 44)<\/p>\n<p>Diese sind:<\/p>\n<ul>\n<li>Kommunizieren<\/li>\n<li>Sich bewegen<\/li>\n<li>Vitale Funktionen des Lebens aufrecht erhalten<\/li>\n<li>Sich pflegen<\/li>\n<li>Essen und trinken<\/li>\n<li>Ausscheiden<\/li>\n<li>Sich kleiden<\/li>\n<li>Ruhen und schlafen<\/li>\n<li>Sich besch\u00e4ftigen<\/li>\n<li>Sich als Mann, Frau oder Kind f\u00fchlen und verhalten<\/li>\n<li>F\u00fcr eine sichere Umgebung sorgen<\/li>\n<li>Soziale Bereiche des Lebens sichern und gestalten<\/li>\n<li>Mit existenziellen Erfahrungen des Lebens umgehen\u00a0\u00a0\u00a0\u00a0<\/li>\n<\/ul>\n<p>Im Pflegeunterricht wird die Frage nach der <strong>lebensgeschichtlichen Bedeutung<\/strong> der verschiedenen Lebensaktivit\u00e4ten f\u00fcr eine bestimmte (pflegebed\u00fcrftige) Person und den in diesem Zusammenhang gemachten <strong>Erfahrungen<\/strong>, der Bearbeitung einer jeden AEDL vorangestellt wird. Kulturelle Sensibilit\u00e4t soll und kann also einen wichtigen Stellenwert in Theorie und Praxis einnehmen, sofern die Rahmenbedingungen dies auch erm\u00f6glichen.\u00a0\u00a0<\/p>\n<p>F\u00fcr Pflege und Betreuung gilt, vor allem wenn sie sich auf die direkte k\u00f6rperliche Unterst\u00fctzung bezieht: In der unmittelbaren Arbeit am\/mit dem Menschen sind letztlich alle Menschen gleich. Da jeder Mensch, jede Person unabh\u00e4ngig von einem m\u00f6glichen Migrationshintergrund kulturell gepr\u00e4gt ist, muss eine kultursensible Pflege und Betreuung so gestaltet sein, dass sie allen hilfsbed\u00fcrftigen Menschen zum Vorteil gereicht.<\/p>\n","protected":false},"excerpt":{"rendered":"<p>Jedes Individuum ist ein kulturell gepr\u00e4gtes Wesen und Mitglied mehrerer unter Umst\u00e4nden auch einander widersprechender Lebenswelten. Daf\u00fcr sensibel zu sein und diese Sensibilit\u00e4t in der allt\u00e4glichen Pflege- und Betreuungsarbeit umzusetzen wird Pflegende der Zukunft auszeichnen.\u00a0 \u00a0Die Definition von Pflege des &hellip; <a href=\"https:\/\/bewegung-und-interaktion.at\/index.php\/hat-pflege-einen-kultursensiblen-auftrag\">Weiterlesen <span class=\"meta-nav\">&rarr;<\/span><\/a><\/p>\n","protected":false},"author":2,"featured_media":0,"comment_status":"open","ping_status":"closed","sticky":false,"template":"","format":"standard","meta":{"footnotes":""},"categories":[3,4],"tags":[18,29,31,36],"class_list":["post-93","post","type-post","status-publish","format-standard","hentry","category-bildung-pflege","category-interkulturelles","tag-berufsbild-pflege","tag-kultur","tag-lebenswelt","tag-pflege"],"yoast_head":"<!-- This site is optimized with the Yoast SEO plugin v27.5 - https:\/\/yoast.com\/product\/yoast-seo-wordpress\/ -->\n<title>Hat Pflege einen kultursensiblen Auftrag? - Bewegung und Interaktion<\/title>\n<meta name=\"robots\" content=\"index, follow, max-snippet:-1, max-image-preview:large, max-video-preview:-1\" \/>\n<link rel=\"canonical\" href=\"https:\/\/bewegung-und-interaktion.at\/index.php\/hat-pflege-einen-kultursensiblen-auftrag\" \/>\n<meta property=\"og:locale\" content=\"de_DE\" \/>\n<meta property=\"og:type\" content=\"article\" \/>\n<meta property=\"og:title\" content=\"Hat Pflege einen kultursensiblen Auftrag? - Bewegung und Interaktion\" \/>\n<meta property=\"og:description\" content=\"Jedes Individuum ist ein kulturell gepr\u00e4gtes Wesen und Mitglied mehrerer unter Umst\u00e4nden auch einander widersprechender Lebenswelten. Daf\u00fcr sensibel zu sein und diese Sensibilit\u00e4t in der allt\u00e4glichen Pflege- und Betreuungsarbeit umzusetzen wird Pflegende der Zukunft auszeichnen.\u00a0 \u00a0Die Definition von Pflege des &hellip; Weiterlesen &rarr;\" \/>\n<meta property=\"og:url\" content=\"https:\/\/bewegung-und-interaktion.at\/index.php\/hat-pflege-einen-kultursensiblen-auftrag\" \/>\n<meta property=\"og:site_name\" content=\"Bewegung und Interaktion\" \/>\n<meta property=\"article:published_time\" content=\"2009-10-25T08:55:04+00:00\" \/>\n<meta name=\"author\" content=\"Hermine Moser\" \/>\n<meta name=\"twitter:card\" content=\"summary_large_image\" \/>\n<meta name=\"twitter:label1\" content=\"Verfasst von\" \/>\n\t<meta name=\"twitter:data1\" content=\"Hermine Moser\" \/>\n\t<meta name=\"twitter:label2\" content=\"Gesch\u00e4tzte Lesezeit\" \/>\n\t<meta name=\"twitter:data2\" content=\"3\u00a0Minuten\" \/>\n<script type=\"application\/ld+json\" class=\"yoast-schema-graph\">{\"@context\":\"https:\\\/\\\/schema.org\",\"@graph\":[{\"@type\":\"Article\",\"@id\":\"https:\\\/\\\/bewegung-und-interaktion.at\\\/index.php\\\/hat-pflege-einen-kultursensiblen-auftrag#article\",\"isPartOf\":{\"@id\":\"https:\\\/\\\/bewegung-und-interaktion.at\\\/index.php\\\/hat-pflege-einen-kultursensiblen-auftrag\"},\"author\":{\"name\":\"Hermine Moser\",\"@id\":\"https:\\\/\\\/bewegung-und-interaktion.at\\\/#\\\/schema\\\/person\\\/419435730b70b11186d7e16056d78757\"},\"headline\":\"Hat Pflege einen kultursensiblen Auftrag?\",\"datePublished\":\"2009-10-25T08:55:04+00:00\",\"mainEntityOfPage\":{\"@id\":\"https:\\\/\\\/bewegung-und-interaktion.at\\\/index.php\\\/hat-pflege-einen-kultursensiblen-auftrag\"},\"wordCount\":521,\"commentCount\":0,\"keywords\":[\"Berufsbild Pflege\",\"Kultur\",\"Lebenswelt\",\"Pflege\"],\"articleSection\":[\"Bildung &amp; Pflege\",\"Interkulturelles\"],\"inLanguage\":\"de\",\"potentialAction\":[{\"@type\":\"CommentAction\",\"name\":\"Comment\",\"target\":[\"https:\\\/\\\/bewegung-und-interaktion.at\\\/index.php\\\/hat-pflege-einen-kultursensiblen-auftrag#respond\"]}]},{\"@type\":\"WebPage\",\"@id\":\"https:\\\/\\\/bewegung-und-interaktion.at\\\/index.php\\\/hat-pflege-einen-kultursensiblen-auftrag\",\"url\":\"https:\\\/\\\/bewegung-und-interaktion.at\\\/index.php\\\/hat-pflege-einen-kultursensiblen-auftrag\",\"name\":\"Hat Pflege einen kultursensiblen Auftrag? - Bewegung und Interaktion\",\"isPartOf\":{\"@id\":\"https:\\\/\\\/bewegung-und-interaktion.at\\\/#website\"},\"datePublished\":\"2009-10-25T08:55:04+00:00\",\"author\":{\"@id\":\"https:\\\/\\\/bewegung-und-interaktion.at\\\/#\\\/schema\\\/person\\\/419435730b70b11186d7e16056d78757\"},\"breadcrumb\":{\"@id\":\"https:\\\/\\\/bewegung-und-interaktion.at\\\/index.php\\\/hat-pflege-einen-kultursensiblen-auftrag#breadcrumb\"},\"inLanguage\":\"de\",\"potentialAction\":[{\"@type\":\"ReadAction\",\"target\":[\"https:\\\/\\\/bewegung-und-interaktion.at\\\/index.php\\\/hat-pflege-einen-kultursensiblen-auftrag\"]}]},{\"@type\":\"BreadcrumbList\",\"@id\":\"https:\\\/\\\/bewegung-und-interaktion.at\\\/index.php\\\/hat-pflege-einen-kultursensiblen-auftrag#breadcrumb\",\"itemListElement\":[{\"@type\":\"ListItem\",\"position\":1,\"name\":\"Startseite\",\"item\":\"https:\\\/\\\/bewegung-und-interaktion.at\\\/\"},{\"@type\":\"ListItem\",\"position\":2,\"name\":\"Hat Pflege einen kultursensiblen Auftrag?\"}]},{\"@type\":\"WebSite\",\"@id\":\"https:\\\/\\\/bewegung-und-interaktion.at\\\/#website\",\"url\":\"https:\\\/\\\/bewegung-und-interaktion.at\\\/\",\"name\":\"Bewegung und Interaktion\",\"description\":\"von Hermine Moser\",\"potentialAction\":[{\"@type\":\"SearchAction\",\"target\":{\"@type\":\"EntryPoint\",\"urlTemplate\":\"https:\\\/\\\/bewegung-und-interaktion.at\\\/?s={search_term_string}\"},\"query-input\":{\"@type\":\"PropertyValueSpecification\",\"valueRequired\":true,\"valueName\":\"search_term_string\"}}],\"inLanguage\":\"de\"},{\"@type\":\"Person\",\"@id\":\"https:\\\/\\\/bewegung-und-interaktion.at\\\/#\\\/schema\\\/person\\\/419435730b70b11186d7e16056d78757\",\"name\":\"Hermine Moser\",\"url\":\"https:\\\/\\\/bewegung-und-interaktion.at\\\/index.php\\\/author\\\/hmoser\"}]}<\/script>\n<!-- \/ Yoast SEO plugin. -->","yoast_head_json":{"title":"Hat Pflege einen kultursensiblen Auftrag? - Bewegung und Interaktion","robots":{"index":"index","follow":"follow","max-snippet":"max-snippet:-1","max-image-preview":"max-image-preview:large","max-video-preview":"max-video-preview:-1"},"canonical":"https:\/\/bewegung-und-interaktion.at\/index.php\/hat-pflege-einen-kultursensiblen-auftrag","og_locale":"de_DE","og_type":"article","og_title":"Hat Pflege einen kultursensiblen Auftrag? - Bewegung und Interaktion","og_description":"Jedes Individuum ist ein kulturell gepr\u00e4gtes Wesen und Mitglied mehrerer unter Umst\u00e4nden auch einander widersprechender Lebenswelten. Daf\u00fcr sensibel zu sein und diese Sensibilit\u00e4t in der allt\u00e4glichen Pflege- und Betreuungsarbeit umzusetzen wird Pflegende der Zukunft auszeichnen.\u00a0 \u00a0Die Definition von Pflege des &hellip; Weiterlesen &rarr;","og_url":"https:\/\/bewegung-und-interaktion.at\/index.php\/hat-pflege-einen-kultursensiblen-auftrag","og_site_name":"Bewegung und Interaktion","article_published_time":"2009-10-25T08:55:04+00:00","author":"Hermine Moser","twitter_card":"summary_large_image","twitter_misc":{"Verfasst von":"Hermine Moser","Gesch\u00e4tzte Lesezeit":"3\u00a0Minuten"},"schema":{"@context":"https:\/\/schema.org","@graph":[{"@type":"Article","@id":"https:\/\/bewegung-und-interaktion.at\/index.php\/hat-pflege-einen-kultursensiblen-auftrag#article","isPartOf":{"@id":"https:\/\/bewegung-und-interaktion.at\/index.php\/hat-pflege-einen-kultursensiblen-auftrag"},"author":{"name":"Hermine Moser","@id":"https:\/\/bewegung-und-interaktion.at\/#\/schema\/person\/419435730b70b11186d7e16056d78757"},"headline":"Hat Pflege einen kultursensiblen Auftrag?","datePublished":"2009-10-25T08:55:04+00:00","mainEntityOfPage":{"@id":"https:\/\/bewegung-und-interaktion.at\/index.php\/hat-pflege-einen-kultursensiblen-auftrag"},"wordCount":521,"commentCount":0,"keywords":["Berufsbild Pflege","Kultur","Lebenswelt","Pflege"],"articleSection":["Bildung &amp; Pflege","Interkulturelles"],"inLanguage":"de","potentialAction":[{"@type":"CommentAction","name":"Comment","target":["https:\/\/bewegung-und-interaktion.at\/index.php\/hat-pflege-einen-kultursensiblen-auftrag#respond"]}]},{"@type":"WebPage","@id":"https:\/\/bewegung-und-interaktion.at\/index.php\/hat-pflege-einen-kultursensiblen-auftrag","url":"https:\/\/bewegung-und-interaktion.at\/index.php\/hat-pflege-einen-kultursensiblen-auftrag","name":"Hat Pflege einen kultursensiblen Auftrag? - Bewegung und Interaktion","isPartOf":{"@id":"https:\/\/bewegung-und-interaktion.at\/#website"},"datePublished":"2009-10-25T08:55:04+00:00","author":{"@id":"https:\/\/bewegung-und-interaktion.at\/#\/schema\/person\/419435730b70b11186d7e16056d78757"},"breadcrumb":{"@id":"https:\/\/bewegung-und-interaktion.at\/index.php\/hat-pflege-einen-kultursensiblen-auftrag#breadcrumb"},"inLanguage":"de","potentialAction":[{"@type":"ReadAction","target":["https:\/\/bewegung-und-interaktion.at\/index.php\/hat-pflege-einen-kultursensiblen-auftrag"]}]},{"@type":"BreadcrumbList","@id":"https:\/\/bewegung-und-interaktion.at\/index.php\/hat-pflege-einen-kultursensiblen-auftrag#breadcrumb","itemListElement":[{"@type":"ListItem","position":1,"name":"Startseite","item":"https:\/\/bewegung-und-interaktion.at\/"},{"@type":"ListItem","position":2,"name":"Hat Pflege einen kultursensiblen Auftrag?"}]},{"@type":"WebSite","@id":"https:\/\/bewegung-und-interaktion.at\/#website","url":"https:\/\/bewegung-und-interaktion.at\/","name":"Bewegung und Interaktion","description":"von Hermine Moser","potentialAction":[{"@type":"SearchAction","target":{"@type":"EntryPoint","urlTemplate":"https:\/\/bewegung-und-interaktion.at\/?s={search_term_string}"},"query-input":{"@type":"PropertyValueSpecification","valueRequired":true,"valueName":"search_term_string"}}],"inLanguage":"de"},{"@type":"Person","@id":"https:\/\/bewegung-und-interaktion.at\/#\/schema\/person\/419435730b70b11186d7e16056d78757","name":"Hermine Moser","url":"https:\/\/bewegung-und-interaktion.at\/index.php\/author\/hmoser"}]}},"_links":{"self":[{"href":"https:\/\/bewegung-und-interaktion.at\/index.php\/wp-json\/wp\/v2\/posts\/93","targetHints":{"allow":["GET"]}}],"collection":[{"href":"https:\/\/bewegung-und-interaktion.at\/index.php\/wp-json\/wp\/v2\/posts"}],"about":[{"href":"https:\/\/bewegung-und-interaktion.at\/index.php\/wp-json\/wp\/v2\/types\/post"}],"author":[{"embeddable":true,"href":"https:\/\/bewegung-und-interaktion.at\/index.php\/wp-json\/wp\/v2\/users\/2"}],"replies":[{"embeddable":true,"href":"https:\/\/bewegung-und-interaktion.at\/index.php\/wp-json\/wp\/v2\/comments?post=93"}],"version-history":[{"count":0,"href":"https:\/\/bewegung-und-interaktion.at\/index.php\/wp-json\/wp\/v2\/posts\/93\/revisions"}],"wp:attachment":[{"href":"https:\/\/bewegung-und-interaktion.at\/index.php\/wp-json\/wp\/v2\/media?parent=93"}],"wp:term":[{"taxonomy":"category","embeddable":true,"href":"https:\/\/bewegung-und-interaktion.at\/index.php\/wp-json\/wp\/v2\/categories?post=93"},{"taxonomy":"post_tag","embeddable":true,"href":"https:\/\/bewegung-und-interaktion.at\/index.php\/wp-json\/wp\/v2\/tags?post=93"}],"curies":[{"name":"wp","href":"https:\/\/api.w.org\/{rel}","templated":true}]}}