{"id":91,"date":"2009-10-03T19:24:45","date_gmt":"2009-10-03T19:24:45","guid":{"rendered":"http:\/\/hmoser.wordpress.com\/?p=91"},"modified":"2009-10-03T19:24:45","modified_gmt":"2009-10-03T19:24:45","slug":"seminararbeit-interkulturelle-kompetenz-in-pflegeberufen","status":"publish","type":"post","link":"https:\/\/bewegung-und-interaktion.at\/index.php\/seminararbeit-interkulturelle-kompetenz-in-pflegeberufen","title":{"rendered":"Seminararbeit: Interkulturelle Kompetenz in Pflegeberufen"},"content":{"rendered":"<p>In meiner Seminararbeit, die ich im Rahmen des Universit\u00e4ts-Lehrganges &#8222;Intercultural Competence&#8220; verfasste,\u00a0ging ich der Frage nach, ob kulturelle Sensiblit\u00e4t auf Grund des\u00a0beruflichen Auftrages\u00a0bei in der Pflege und Betreuung arbeitenden Personen vorausgesetzt werden kann. Weiters \u00fcberpr\u00fcfte ich die Relevanz des Gesundheitsentwicklungs- und\u00a0Pflegekonzeptes &#8222;Kinaesthetics&#8220; f\u00fcr eine kulturelle Sensibilit\u00e4t bzw. eine interkulturelle Konpetenz von Pflegenden.<\/p>\n<p>Ich biete die Seminararbeit allen Interessierten zum <a title=\"download\" href=\"http:\/\/standpunkte.at\/wp-content\/download\/Seminararbeit_ICC_2009.pdf\" target=\"_blank\">Download <\/a>an.<\/p>\n<p>Die einzelnen Kapitel der Arbeit werde ich in der n\u00e4chsten Zeit als Beitr\u00e4ge ver\u00f6ffentlichen.<\/p>\n","protected":false},"excerpt":{"rendered":"<p>In meiner Seminararbeit, die ich im Rahmen des Universit\u00e4ts-Lehrganges &#8222;Intercultural Competence&#8220; verfasste,\u00a0ging ich der Frage nach, ob kulturelle Sensiblit\u00e4t auf Grund des\u00a0beruflichen Auftrages\u00a0bei in der Pflege und Betreuung arbeitenden Personen vorausgesetzt werden kann. Weiters \u00fcberpr\u00fcfte ich die Relevanz des Gesundheitsentwicklungs- &hellip; <a href=\"https:\/\/bewegung-und-interaktion.at\/index.php\/seminararbeit-interkulturelle-kompetenz-in-pflegeberufen\">Weiterlesen <span class=\"meta-nav\">&rarr;<\/span><\/a><\/p>\n","protected":false},"author":2,"featured_media":0,"comment_status":"open","ping_status":"closed","sticky":false,"template":"","format":"standard","meta":{"footnotes":""},"categories":[3,4,5],"tags":[10,17,19,20,23,26,27,29,31,36],"class_list":["post-91","post","type-post","status-publish","format-standard","hentry","category-bildung-pflege","category-interkulturelles","category-kinaesthetics","tag-anderssein","tag-begegnung","tag-bewegungskompetenz","tag-dialog","tag-fremdheit","tag-interaktion","tag-interkultur","tag-kultur","tag-lebenswelt","tag-pflege"],"yoast_head":"<!-- This site is optimized with the Yoast SEO plugin v27.5 - https:\/\/yoast.com\/product\/yoast-seo-wordpress\/ -->\n<title>Seminararbeit: Interkulturelle Kompetenz in Pflegeberufen - Bewegung und Interaktion<\/title>\n<meta name=\"robots\" content=\"index, follow, max-snippet:-1, max-image-preview:large, max-video-preview:-1\" \/>\n<link rel=\"canonical\" href=\"https:\/\/bewegung-und-interaktion.at\/index.php\/seminararbeit-interkulturelle-kompetenz-in-pflegeberufen\" \/>\n<meta property=\"og:locale\" content=\"de_DE\" \/>\n<meta property=\"og:type\" content=\"article\" \/>\n<meta property=\"og:title\" content=\"Seminararbeit: Interkulturelle Kompetenz in Pflegeberufen - Bewegung und Interaktion\" \/>\n<meta property=\"og:description\" content=\"In meiner Seminararbeit, die ich im Rahmen des Universit\u00e4ts-Lehrganges &#8222;Intercultural Competence&#8220; verfasste,\u00a0ging ich der Frage nach, ob kulturelle Sensiblit\u00e4t auf Grund des\u00a0beruflichen Auftrages\u00a0bei in der Pflege und Betreuung arbeitenden Personen vorausgesetzt werden kann. Weiters \u00fcberpr\u00fcfte ich die Relevanz des Gesundheitsentwicklungs- &hellip; Weiterlesen &rarr;\" \/>\n<meta property=\"og:url\" content=\"https:\/\/bewegung-und-interaktion.at\/index.php\/seminararbeit-interkulturelle-kompetenz-in-pflegeberufen\" \/>\n<meta property=\"og:site_name\" content=\"Bewegung und Interaktion\" \/>\n<meta property=\"article:published_time\" content=\"2009-10-03T19:24:45+00:00\" \/>\n<meta name=\"author\" content=\"Hermine Moser\" \/>\n<meta name=\"twitter:card\" content=\"summary_large_image\" \/>\n<meta name=\"twitter:label1\" content=\"Verfasst von\" \/>\n\t<meta name=\"twitter:data1\" content=\"Hermine Moser\" \/>\n<script type=\"application\/ld+json\" class=\"yoast-schema-graph\">{\"@context\":\"https:\\\/\\\/schema.org\",\"@graph\":[{\"@type\":\"Article\",\"@id\":\"https:\\\/\\\/bewegung-und-interaktion.at\\\/index.php\\\/seminararbeit-interkulturelle-kompetenz-in-pflegeberufen#article\",\"isPartOf\":{\"@id\":\"https:\\\/\\\/bewegung-und-interaktion.at\\\/index.php\\\/seminararbeit-interkulturelle-kompetenz-in-pflegeberufen\"},\"author\":{\"name\":\"Hermine Moser\",\"@id\":\"https:\\\/\\\/bewegung-und-interaktion.at\\\/#\\\/schema\\\/person\\\/419435730b70b11186d7e16056d78757\"},\"headline\":\"Seminararbeit: Interkulturelle Kompetenz in Pflegeberufen\",\"datePublished\":\"2009-10-03T19:24:45+00:00\",\"mainEntityOfPage\":{\"@id\":\"https:\\\/\\\/bewegung-und-interaktion.at\\\/index.php\\\/seminararbeit-interkulturelle-kompetenz-in-pflegeberufen\"},\"wordCount\":92,\"commentCount\":0,\"keywords\":[\"Anderssein\",\"Begegnung\",\"Bewegungskompetenz\",\"Dialog\",\"Fremdheit\",\"Interaktion\",\"Interkultur\",\"Kultur\",\"Lebenswelt\",\"Pflege\"],\"articleSection\":[\"Bildung &amp; Pflege\",\"Interkulturelles\",\"Kinaesthetics\"],\"inLanguage\":\"de\",\"potentialAction\":[{\"@type\":\"CommentAction\",\"name\":\"Comment\",\"target\":[\"https:\\\/\\\/bewegung-und-interaktion.at\\\/index.php\\\/seminararbeit-interkulturelle-kompetenz-in-pflegeberufen#respond\"]}]},{\"@type\":\"WebPage\",\"@id\":\"https:\\\/\\\/bewegung-und-interaktion.at\\\/index.php\\\/seminararbeit-interkulturelle-kompetenz-in-pflegeberufen\",\"url\":\"https:\\\/\\\/bewegung-und-interaktion.at\\\/index.php\\\/seminararbeit-interkulturelle-kompetenz-in-pflegeberufen\",\"name\":\"Seminararbeit: Interkulturelle Kompetenz in Pflegeberufen - Bewegung und Interaktion\",\"isPartOf\":{\"@id\":\"https:\\\/\\\/bewegung-und-interaktion.at\\\/#website\"},\"datePublished\":\"2009-10-03T19:24:45+00:00\",\"author\":{\"@id\":\"https:\\\/\\\/bewegung-und-interaktion.at\\\/#\\\/schema\\\/person\\\/419435730b70b11186d7e16056d78757\"},\"breadcrumb\":{\"@id\":\"https:\\\/\\\/bewegung-und-interaktion.at\\\/index.php\\\/seminararbeit-interkulturelle-kompetenz-in-pflegeberufen#breadcrumb\"},\"inLanguage\":\"de\",\"potentialAction\":[{\"@type\":\"ReadAction\",\"target\":[\"https:\\\/\\\/bewegung-und-interaktion.at\\\/index.php\\\/seminararbeit-interkulturelle-kompetenz-in-pflegeberufen\"]}]},{\"@type\":\"BreadcrumbList\",\"@id\":\"https:\\\/\\\/bewegung-und-interaktion.at\\\/index.php\\\/seminararbeit-interkulturelle-kompetenz-in-pflegeberufen#breadcrumb\",\"itemListElement\":[{\"@type\":\"ListItem\",\"position\":1,\"name\":\"Startseite\",\"item\":\"https:\\\/\\\/bewegung-und-interaktion.at\\\/\"},{\"@type\":\"ListItem\",\"position\":2,\"name\":\"Seminararbeit: Interkulturelle Kompetenz in Pflegeberufen\"}]},{\"@type\":\"WebSite\",\"@id\":\"https:\\\/\\\/bewegung-und-interaktion.at\\\/#website\",\"url\":\"https:\\\/\\\/bewegung-und-interaktion.at\\\/\",\"name\":\"Bewegung und Interaktion\",\"description\":\"von Hermine Moser\",\"potentialAction\":[{\"@type\":\"SearchAction\",\"target\":{\"@type\":\"EntryPoint\",\"urlTemplate\":\"https:\\\/\\\/bewegung-und-interaktion.at\\\/?s={search_term_string}\"},\"query-input\":{\"@type\":\"PropertyValueSpecification\",\"valueRequired\":true,\"valueName\":\"search_term_string\"}}],\"inLanguage\":\"de\"},{\"@type\":\"Person\",\"@id\":\"https:\\\/\\\/bewegung-und-interaktion.at\\\/#\\\/schema\\\/person\\\/419435730b70b11186d7e16056d78757\",\"name\":\"Hermine Moser\",\"url\":\"https:\\\/\\\/bewegung-und-interaktion.at\\\/index.php\\\/author\\\/hmoser\"}]}<\/script>\n<!-- \/ Yoast SEO plugin. -->","yoast_head_json":{"title":"Seminararbeit: Interkulturelle Kompetenz in Pflegeberufen - Bewegung und Interaktion","robots":{"index":"index","follow":"follow","max-snippet":"max-snippet:-1","max-image-preview":"max-image-preview:large","max-video-preview":"max-video-preview:-1"},"canonical":"https:\/\/bewegung-und-interaktion.at\/index.php\/seminararbeit-interkulturelle-kompetenz-in-pflegeberufen","og_locale":"de_DE","og_type":"article","og_title":"Seminararbeit: Interkulturelle Kompetenz in Pflegeberufen - Bewegung und Interaktion","og_description":"In meiner Seminararbeit, die ich im Rahmen des Universit\u00e4ts-Lehrganges &#8222;Intercultural Competence&#8220; verfasste,\u00a0ging ich der Frage nach, ob kulturelle Sensiblit\u00e4t auf Grund des\u00a0beruflichen Auftrages\u00a0bei in der Pflege und Betreuung arbeitenden Personen vorausgesetzt werden kann. Weiters \u00fcberpr\u00fcfte ich die Relevanz des Gesundheitsentwicklungs- &hellip; Weiterlesen &rarr;","og_url":"https:\/\/bewegung-und-interaktion.at\/index.php\/seminararbeit-interkulturelle-kompetenz-in-pflegeberufen","og_site_name":"Bewegung und Interaktion","article_published_time":"2009-10-03T19:24:45+00:00","author":"Hermine Moser","twitter_card":"summary_large_image","twitter_misc":{"Verfasst von":"Hermine Moser"},"schema":{"@context":"https:\/\/schema.org","@graph":[{"@type":"Article","@id":"https:\/\/bewegung-und-interaktion.at\/index.php\/seminararbeit-interkulturelle-kompetenz-in-pflegeberufen#article","isPartOf":{"@id":"https:\/\/bewegung-und-interaktion.at\/index.php\/seminararbeit-interkulturelle-kompetenz-in-pflegeberufen"},"author":{"name":"Hermine Moser","@id":"https:\/\/bewegung-und-interaktion.at\/#\/schema\/person\/419435730b70b11186d7e16056d78757"},"headline":"Seminararbeit: Interkulturelle Kompetenz in Pflegeberufen","datePublished":"2009-10-03T19:24:45+00:00","mainEntityOfPage":{"@id":"https:\/\/bewegung-und-interaktion.at\/index.php\/seminararbeit-interkulturelle-kompetenz-in-pflegeberufen"},"wordCount":92,"commentCount":0,"keywords":["Anderssein","Begegnung","Bewegungskompetenz","Dialog","Fremdheit","Interaktion","Interkultur","Kultur","Lebenswelt","Pflege"],"articleSection":["Bildung &amp; Pflege","Interkulturelles","Kinaesthetics"],"inLanguage":"de","potentialAction":[{"@type":"CommentAction","name":"Comment","target":["https:\/\/bewegung-und-interaktion.at\/index.php\/seminararbeit-interkulturelle-kompetenz-in-pflegeberufen#respond"]}]},{"@type":"WebPage","@id":"https:\/\/bewegung-und-interaktion.at\/index.php\/seminararbeit-interkulturelle-kompetenz-in-pflegeberufen","url":"https:\/\/bewegung-und-interaktion.at\/index.php\/seminararbeit-interkulturelle-kompetenz-in-pflegeberufen","name":"Seminararbeit: Interkulturelle Kompetenz in Pflegeberufen - Bewegung und Interaktion","isPartOf":{"@id":"https:\/\/bewegung-und-interaktion.at\/#website"},"datePublished":"2009-10-03T19:24:45+00:00","author":{"@id":"https:\/\/bewegung-und-interaktion.at\/#\/schema\/person\/419435730b70b11186d7e16056d78757"},"breadcrumb":{"@id":"https:\/\/bewegung-und-interaktion.at\/index.php\/seminararbeit-interkulturelle-kompetenz-in-pflegeberufen#breadcrumb"},"inLanguage":"de","potentialAction":[{"@type":"ReadAction","target":["https:\/\/bewegung-und-interaktion.at\/index.php\/seminararbeit-interkulturelle-kompetenz-in-pflegeberufen"]}]},{"@type":"BreadcrumbList","@id":"https:\/\/bewegung-und-interaktion.at\/index.php\/seminararbeit-interkulturelle-kompetenz-in-pflegeberufen#breadcrumb","itemListElement":[{"@type":"ListItem","position":1,"name":"Startseite","item":"https:\/\/bewegung-und-interaktion.at\/"},{"@type":"ListItem","position":2,"name":"Seminararbeit: Interkulturelle Kompetenz in Pflegeberufen"}]},{"@type":"WebSite","@id":"https:\/\/bewegung-und-interaktion.at\/#website","url":"https:\/\/bewegung-und-interaktion.at\/","name":"Bewegung und Interaktion","description":"von Hermine Moser","potentialAction":[{"@type":"SearchAction","target":{"@type":"EntryPoint","urlTemplate":"https:\/\/bewegung-und-interaktion.at\/?s={search_term_string}"},"query-input":{"@type":"PropertyValueSpecification","valueRequired":true,"valueName":"search_term_string"}}],"inLanguage":"de"},{"@type":"Person","@id":"https:\/\/bewegung-und-interaktion.at\/#\/schema\/person\/419435730b70b11186d7e16056d78757","name":"Hermine Moser","url":"https:\/\/bewegung-und-interaktion.at\/index.php\/author\/hmoser"}]}},"_links":{"self":[{"href":"https:\/\/bewegung-und-interaktion.at\/index.php\/wp-json\/wp\/v2\/posts\/91","targetHints":{"allow":["GET"]}}],"collection":[{"href":"https:\/\/bewegung-und-interaktion.at\/index.php\/wp-json\/wp\/v2\/posts"}],"about":[{"href":"https:\/\/bewegung-und-interaktion.at\/index.php\/wp-json\/wp\/v2\/types\/post"}],"author":[{"embeddable":true,"href":"https:\/\/bewegung-und-interaktion.at\/index.php\/wp-json\/wp\/v2\/users\/2"}],"replies":[{"embeddable":true,"href":"https:\/\/bewegung-und-interaktion.at\/index.php\/wp-json\/wp\/v2\/comments?post=91"}],"version-history":[{"count":0,"href":"https:\/\/bewegung-und-interaktion.at\/index.php\/wp-json\/wp\/v2\/posts\/91\/revisions"}],"wp:attachment":[{"href":"https:\/\/bewegung-und-interaktion.at\/index.php\/wp-json\/wp\/v2\/media?parent=91"}],"wp:term":[{"taxonomy":"category","embeddable":true,"href":"https:\/\/bewegung-und-interaktion.at\/index.php\/wp-json\/wp\/v2\/categories?post=91"},{"taxonomy":"post_tag","embeddable":true,"href":"https:\/\/bewegung-und-interaktion.at\/index.php\/wp-json\/wp\/v2\/tags?post=91"}],"curies":[{"name":"wp","href":"https:\/\/api.w.org\/{rel}","templated":true}]}}