{"id":286,"date":"2014-01-31T17:21:47","date_gmt":"2014-01-31T17:21:47","guid":{"rendered":"http:\/\/www.bewegung-und-interaktion.at\/?p=286"},"modified":"2014-01-31T17:21:47","modified_gmt":"2014-01-31T17:21:47","slug":"abschlussfeier-mots-de-participante-dr-esther-nsombo-bolaza","status":"publish","type":"post","link":"https:\/\/bewegung-und-interaktion.at\/index.php\/abschlussfeier-mots-de-participante-dr-esther-nsombo-bolaza","title":{"rendered":"Abschlussfeier MOTS DE PARTICIPANTE Dr. Esther NSOMBO BOLAZA"},"content":{"rendered":"<p>Formation avec Madame Hermine (journ\u00e9e de cl\u00f4ture)<\/p>\n<p>La Caritas a organis\u00e9e une formation, pour l\u2019am\u00e9lioration des soins de la personne du troisi\u00e8me \u00e2ge\u00a0;\u00a0 qui vit dans les hospices a la quelle nous avons particip\u00e9.<\/p>\n<p>La formation a consiste a des exp\u00e9riences existentielles de la vie, dont il faut se mouvoir.\u00a0 Aider la personne du troisi\u00e8me \u00e2ge \u00e0 retrouver la sensibilit\u00e9 profonde de bien \u00eatre, pour mieux vivre \u00e0 c\u00f4t\u00e9 de ses douleurs par des mouvements et interaction.<\/p>\n<p>A l issue de cette formation nous avons constate que la personne du troisi\u00e8me \u00e2ge ne vit pas seulement dans les hospices,\u00a0 mais vit aussi ailleurs c\u2019est-a-dire dans nos familles.<\/p>\n<p>\u00c1 l\u2019instar de centre p\u00e9diatrique qui s\u2019occupe des soins des enfants, aussi vrai que les soins des enfants sont sp\u00e9cifiques\u00a0 de m\u00eame que les soins de la personne du troisi\u00e8me \u00e2ge sont aussi sp\u00e9cifiques.\u00a0 D\u2019o\u00f9 l\u2019importance de cr\u00e9er un centre g\u00e9riatrique quasi inexistant dans notre pays, pour soigner la personne du troisi\u00e8me \u00e2ge congolaise, qui vit en dehors des hospices \u00e0 l\u2019instar de ceux du monde pour b\u00e9n\u00e9ficier des soins appropries \u00e0 leurs \u00e2ge.<\/p>\n<p>En ce si\u00e8cle ou l\u2019esp\u00e9rance de vie du congolais est augment\u00e9e d\u2019environ 10 ans selon l\u2019OMS, la vieillesse n\u2019est pas une corv\u00e9e et elle ne peut pas \u00eatre v\u00e9cue comme telle.<\/p>\n<p>Nous sommes conscients de manque d informations qu\u2019\u00e0 la personne du troisi\u00e8me \u00e2ge congolaise, en rapport avec son \u00e2ge comment le vivre quels sont les mouvements \u00e0 faire et a ne pas faire comment se mouvoir etc.<\/p>\n<p>Ce centre g\u00e9riatrique qui se fixera comme objectif de r\u00e9pondre aux pr\u00e9occupations, de la personne du troisi\u00e8me \u00e2ge congolaise \u00e0 l\u2019instar de ceux du monde\u00a0; \u00e0 lui donner la joie de vivre heureusement sa vieillesse qui est une gr\u00e2ce exceptionnelle.<\/p>\n<p>C\u2019est pour nous une fa\u00e7on de vous dire merci et de vous \u00eatre reconnaissant de ce que nous sommes.<\/p>\n<p>Nos remerciement \u00e0 la Caritas, \u00e0 madame Hermine Moser professeur pour les m\u00e9tiers des soins entraineur kinaesthetitique.<\/p>\n<p>Dr. Esther NSOMBO BOLAZA<br \/>\n0818292248 0997168425<br \/>\nesthernsombo@gmail.com.<\/p>\n","protected":false},"excerpt":{"rendered":"<p>Formation avec Madame Hermine (journ\u00e9e de cl\u00f4ture) La Caritas a organis\u00e9e une formation, pour l\u2019am\u00e9lioration des soins de la personne du troisi\u00e8me \u00e2ge\u00a0;\u00a0 qui vit dans les hospices a la quelle nous avons particip\u00e9. La formation a consiste a des &hellip; <a href=\"https:\/\/bewegung-und-interaktion.at\/index.php\/abschlussfeier-mots-de-participante-dr-esther-nsombo-bolaza\">Weiterlesen <span class=\"meta-nav\">&rarr;<\/span><\/a><\/p>\n","protected":false},"author":2,"featured_media":0,"comment_status":"open","ping_status":"closed","sticky":false,"template":"","format":"standard","meta":{"footnotes":""},"categories":[3,4,5,59,6],"tags":[],"class_list":["post-286","post","type-post","status-publish","format-standard","hentry","category-bildung-pflege","category-interkulturelles","category-kinaesthetics","category-kinshasa","category-lebensqualitat"],"yoast_head":"<!-- This site is optimized with the Yoast SEO plugin v27.4 - https:\/\/yoast.com\/product\/yoast-seo-wordpress\/ -->\n<title>Abschlussfeier MOTS DE PARTICIPANTE Dr. Esther NSOMBO BOLAZA - Bewegung und Interaktion<\/title>\n<meta name=\"robots\" content=\"index, follow, max-snippet:-1, max-image-preview:large, max-video-preview:-1\" \/>\n<link rel=\"canonical\" href=\"https:\/\/bewegung-und-interaktion.at\/index.php\/abschlussfeier-mots-de-participante-dr-esther-nsombo-bolaza\" \/>\n<meta property=\"og:locale\" content=\"de_DE\" \/>\n<meta property=\"og:type\" content=\"article\" \/>\n<meta property=\"og:title\" content=\"Abschlussfeier MOTS DE PARTICIPANTE Dr. Esther NSOMBO BOLAZA - Bewegung und Interaktion\" \/>\n<meta property=\"og:description\" content=\"Formation avec Madame Hermine (journ\u00e9e de cl\u00f4ture) La Caritas a organis\u00e9e une formation, pour l\u2019am\u00e9lioration des soins de la personne du troisi\u00e8me \u00e2ge\u00a0;\u00a0 qui vit dans les hospices a la quelle nous avons particip\u00e9. La formation a consiste a des &hellip; Weiterlesen &rarr;\" \/>\n<meta property=\"og:url\" content=\"https:\/\/bewegung-und-interaktion.at\/index.php\/abschlussfeier-mots-de-participante-dr-esther-nsombo-bolaza\" \/>\n<meta property=\"og:site_name\" content=\"Bewegung und Interaktion\" \/>\n<meta property=\"article:published_time\" content=\"2014-01-31T17:21:47+00:00\" \/>\n<meta name=\"author\" content=\"Hermine Moser\" \/>\n<meta name=\"twitter:card\" content=\"summary_large_image\" \/>\n<meta name=\"twitter:label1\" content=\"Verfasst von\" \/>\n\t<meta name=\"twitter:data1\" content=\"Hermine Moser\" \/>\n\t<meta name=\"twitter:label2\" content=\"Gesch\u00e4tzte Lesezeit\" \/>\n\t<meta name=\"twitter:data2\" content=\"2\u00a0Minuten\" \/>\n<script type=\"application\/ld+json\" class=\"yoast-schema-graph\">{\"@context\":\"https:\\\/\\\/schema.org\",\"@graph\":[{\"@type\":\"Article\",\"@id\":\"https:\\\/\\\/bewegung-und-interaktion.at\\\/index.php\\\/abschlussfeier-mots-de-participante-dr-esther-nsombo-bolaza#article\",\"isPartOf\":{\"@id\":\"https:\\\/\\\/bewegung-und-interaktion.at\\\/index.php\\\/abschlussfeier-mots-de-participante-dr-esther-nsombo-bolaza\"},\"author\":{\"name\":\"Hermine Moser\",\"@id\":\"https:\\\/\\\/bewegung-und-interaktion.at\\\/#\\\/schema\\\/person\\\/419435730b70b11186d7e16056d78757\"},\"headline\":\"Abschlussfeier MOTS DE PARTICIPANTE Dr. Esther NSOMBO BOLAZA\",\"datePublished\":\"2014-01-31T17:21:47+00:00\",\"mainEntityOfPage\":{\"@id\":\"https:\\\/\\\/bewegung-und-interaktion.at\\\/index.php\\\/abschlussfeier-mots-de-participante-dr-esther-nsombo-bolaza\"},\"wordCount\":374,\"commentCount\":0,\"articleSection\":[\"Bildung &amp; Pflege\",\"Interkulturelles\",\"Kinaesthetics\",\"Kinshasa\",\"Lebensqualit\u00e4t\"],\"inLanguage\":\"de\",\"potentialAction\":[{\"@type\":\"CommentAction\",\"name\":\"Comment\",\"target\":[\"https:\\\/\\\/bewegung-und-interaktion.at\\\/index.php\\\/abschlussfeier-mots-de-participante-dr-esther-nsombo-bolaza#respond\"]}]},{\"@type\":\"WebPage\",\"@id\":\"https:\\\/\\\/bewegung-und-interaktion.at\\\/index.php\\\/abschlussfeier-mots-de-participante-dr-esther-nsombo-bolaza\",\"url\":\"https:\\\/\\\/bewegung-und-interaktion.at\\\/index.php\\\/abschlussfeier-mots-de-participante-dr-esther-nsombo-bolaza\",\"name\":\"Abschlussfeier MOTS DE PARTICIPANTE Dr. Esther NSOMBO BOLAZA - Bewegung und Interaktion\",\"isPartOf\":{\"@id\":\"https:\\\/\\\/bewegung-und-interaktion.at\\\/#website\"},\"datePublished\":\"2014-01-31T17:21:47+00:00\",\"author\":{\"@id\":\"https:\\\/\\\/bewegung-und-interaktion.at\\\/#\\\/schema\\\/person\\\/419435730b70b11186d7e16056d78757\"},\"breadcrumb\":{\"@id\":\"https:\\\/\\\/bewegung-und-interaktion.at\\\/index.php\\\/abschlussfeier-mots-de-participante-dr-esther-nsombo-bolaza#breadcrumb\"},\"inLanguage\":\"de\",\"potentialAction\":[{\"@type\":\"ReadAction\",\"target\":[\"https:\\\/\\\/bewegung-und-interaktion.at\\\/index.php\\\/abschlussfeier-mots-de-participante-dr-esther-nsombo-bolaza\"]}]},{\"@type\":\"BreadcrumbList\",\"@id\":\"https:\\\/\\\/bewegung-und-interaktion.at\\\/index.php\\\/abschlussfeier-mots-de-participante-dr-esther-nsombo-bolaza#breadcrumb\",\"itemListElement\":[{\"@type\":\"ListItem\",\"position\":1,\"name\":\"Startseite\",\"item\":\"https:\\\/\\\/bewegung-und-interaktion.at\\\/\"},{\"@type\":\"ListItem\",\"position\":2,\"name\":\"Abschlussfeier MOTS DE PARTICIPANTE Dr. Esther NSOMBO BOLAZA\"}]},{\"@type\":\"WebSite\",\"@id\":\"https:\\\/\\\/bewegung-und-interaktion.at\\\/#website\",\"url\":\"https:\\\/\\\/bewegung-und-interaktion.at\\\/\",\"name\":\"Bewegung und Interaktion\",\"description\":\"von Hermine Moser\",\"potentialAction\":[{\"@type\":\"SearchAction\",\"target\":{\"@type\":\"EntryPoint\",\"urlTemplate\":\"https:\\\/\\\/bewegung-und-interaktion.at\\\/?s={search_term_string}\"},\"query-input\":{\"@type\":\"PropertyValueSpecification\",\"valueRequired\":true,\"valueName\":\"search_term_string\"}}],\"inLanguage\":\"de\"},{\"@type\":\"Person\",\"@id\":\"https:\\\/\\\/bewegung-und-interaktion.at\\\/#\\\/schema\\\/person\\\/419435730b70b11186d7e16056d78757\",\"name\":\"Hermine Moser\",\"url\":\"https:\\\/\\\/bewegung-und-interaktion.at\\\/index.php\\\/author\\\/hmoser\"}]}<\/script>\n<!-- \/ Yoast SEO plugin. -->","yoast_head_json":{"title":"Abschlussfeier MOTS DE PARTICIPANTE Dr. Esther NSOMBO BOLAZA - Bewegung und Interaktion","robots":{"index":"index","follow":"follow","max-snippet":"max-snippet:-1","max-image-preview":"max-image-preview:large","max-video-preview":"max-video-preview:-1"},"canonical":"https:\/\/bewegung-und-interaktion.at\/index.php\/abschlussfeier-mots-de-participante-dr-esther-nsombo-bolaza","og_locale":"de_DE","og_type":"article","og_title":"Abschlussfeier MOTS DE PARTICIPANTE Dr. Esther NSOMBO BOLAZA - Bewegung und Interaktion","og_description":"Formation avec Madame Hermine (journ\u00e9e de cl\u00f4ture) La Caritas a organis\u00e9e une formation, pour l\u2019am\u00e9lioration des soins de la personne du troisi\u00e8me \u00e2ge\u00a0;\u00a0 qui vit dans les hospices a la quelle nous avons particip\u00e9. La formation a consiste a des &hellip; Weiterlesen &rarr;","og_url":"https:\/\/bewegung-und-interaktion.at\/index.php\/abschlussfeier-mots-de-participante-dr-esther-nsombo-bolaza","og_site_name":"Bewegung und Interaktion","article_published_time":"2014-01-31T17:21:47+00:00","author":"Hermine Moser","twitter_card":"summary_large_image","twitter_misc":{"Verfasst von":"Hermine Moser","Gesch\u00e4tzte Lesezeit":"2\u00a0Minuten"},"schema":{"@context":"https:\/\/schema.org","@graph":[{"@type":"Article","@id":"https:\/\/bewegung-und-interaktion.at\/index.php\/abschlussfeier-mots-de-participante-dr-esther-nsombo-bolaza#article","isPartOf":{"@id":"https:\/\/bewegung-und-interaktion.at\/index.php\/abschlussfeier-mots-de-participante-dr-esther-nsombo-bolaza"},"author":{"name":"Hermine Moser","@id":"https:\/\/bewegung-und-interaktion.at\/#\/schema\/person\/419435730b70b11186d7e16056d78757"},"headline":"Abschlussfeier MOTS DE PARTICIPANTE Dr. Esther NSOMBO BOLAZA","datePublished":"2014-01-31T17:21:47+00:00","mainEntityOfPage":{"@id":"https:\/\/bewegung-und-interaktion.at\/index.php\/abschlussfeier-mots-de-participante-dr-esther-nsombo-bolaza"},"wordCount":374,"commentCount":0,"articleSection":["Bildung &amp; Pflege","Interkulturelles","Kinaesthetics","Kinshasa","Lebensqualit\u00e4t"],"inLanguage":"de","potentialAction":[{"@type":"CommentAction","name":"Comment","target":["https:\/\/bewegung-und-interaktion.at\/index.php\/abschlussfeier-mots-de-participante-dr-esther-nsombo-bolaza#respond"]}]},{"@type":"WebPage","@id":"https:\/\/bewegung-und-interaktion.at\/index.php\/abschlussfeier-mots-de-participante-dr-esther-nsombo-bolaza","url":"https:\/\/bewegung-und-interaktion.at\/index.php\/abschlussfeier-mots-de-participante-dr-esther-nsombo-bolaza","name":"Abschlussfeier MOTS DE PARTICIPANTE Dr. Esther NSOMBO BOLAZA - Bewegung und Interaktion","isPartOf":{"@id":"https:\/\/bewegung-und-interaktion.at\/#website"},"datePublished":"2014-01-31T17:21:47+00:00","author":{"@id":"https:\/\/bewegung-und-interaktion.at\/#\/schema\/person\/419435730b70b11186d7e16056d78757"},"breadcrumb":{"@id":"https:\/\/bewegung-und-interaktion.at\/index.php\/abschlussfeier-mots-de-participante-dr-esther-nsombo-bolaza#breadcrumb"},"inLanguage":"de","potentialAction":[{"@type":"ReadAction","target":["https:\/\/bewegung-und-interaktion.at\/index.php\/abschlussfeier-mots-de-participante-dr-esther-nsombo-bolaza"]}]},{"@type":"BreadcrumbList","@id":"https:\/\/bewegung-und-interaktion.at\/index.php\/abschlussfeier-mots-de-participante-dr-esther-nsombo-bolaza#breadcrumb","itemListElement":[{"@type":"ListItem","position":1,"name":"Startseite","item":"https:\/\/bewegung-und-interaktion.at\/"},{"@type":"ListItem","position":2,"name":"Abschlussfeier MOTS DE PARTICIPANTE Dr. Esther NSOMBO BOLAZA"}]},{"@type":"WebSite","@id":"https:\/\/bewegung-und-interaktion.at\/#website","url":"https:\/\/bewegung-und-interaktion.at\/","name":"Bewegung und Interaktion","description":"von Hermine Moser","potentialAction":[{"@type":"SearchAction","target":{"@type":"EntryPoint","urlTemplate":"https:\/\/bewegung-und-interaktion.at\/?s={search_term_string}"},"query-input":{"@type":"PropertyValueSpecification","valueRequired":true,"valueName":"search_term_string"}}],"inLanguage":"de"},{"@type":"Person","@id":"https:\/\/bewegung-und-interaktion.at\/#\/schema\/person\/419435730b70b11186d7e16056d78757","name":"Hermine Moser","url":"https:\/\/bewegung-und-interaktion.at\/index.php\/author\/hmoser"}]}},"_links":{"self":[{"href":"https:\/\/bewegung-und-interaktion.at\/index.php\/wp-json\/wp\/v2\/posts\/286","targetHints":{"allow":["GET"]}}],"collection":[{"href":"https:\/\/bewegung-und-interaktion.at\/index.php\/wp-json\/wp\/v2\/posts"}],"about":[{"href":"https:\/\/bewegung-und-interaktion.at\/index.php\/wp-json\/wp\/v2\/types\/post"}],"author":[{"embeddable":true,"href":"https:\/\/bewegung-und-interaktion.at\/index.php\/wp-json\/wp\/v2\/users\/2"}],"replies":[{"embeddable":true,"href":"https:\/\/bewegung-und-interaktion.at\/index.php\/wp-json\/wp\/v2\/comments?post=286"}],"version-history":[{"count":1,"href":"https:\/\/bewegung-und-interaktion.at\/index.php\/wp-json\/wp\/v2\/posts\/286\/revisions"}],"predecessor-version":[{"id":287,"href":"https:\/\/bewegung-und-interaktion.at\/index.php\/wp-json\/wp\/v2\/posts\/286\/revisions\/287"}],"wp:attachment":[{"href":"https:\/\/bewegung-und-interaktion.at\/index.php\/wp-json\/wp\/v2\/media?parent=286"}],"wp:term":[{"taxonomy":"category","embeddable":true,"href":"https:\/\/bewegung-und-interaktion.at\/index.php\/wp-json\/wp\/v2\/categories?post=286"},{"taxonomy":"post_tag","embeddable":true,"href":"https:\/\/bewegung-und-interaktion.at\/index.php\/wp-json\/wp\/v2\/tags?post=286"}],"curies":[{"name":"wp","href":"https:\/\/api.w.org\/{rel}","templated":true}]}}