{"id":185,"date":"2014-01-31T08:51:42","date_gmt":"2014-01-31T08:51:42","guid":{"rendered":"http:\/\/www.bewegung-und-interaktion.at\/?p=185"},"modified":"2014-01-31T17:45:22","modified_gmt":"2014-01-31T17:45:22","slug":"sonntag-24-11-2013-700-uhr-in-kinshasa-stadtteil-limete","status":"publish","type":"post","link":"https:\/\/bewegung-und-interaktion.at\/index.php\/sonntag-24-11-2013-700-uhr-in-kinshasa-stadtteil-limete","title":{"rendered":"Sonntag in Kinshasa"},"content":{"rendered":"<div id=\"attachment_291\" style=\"width: 310px\" class=\"wp-caption alignnone\"><a href=\"https:\/\/bewegung-und-interaktion.at\/wp-content\/uploads\/2014\/01\/2013-11-12-08.52.311.jpg\"><img loading=\"lazy\" decoding=\"async\" aria-describedby=\"caption-attachment-291\" class=\"size-medium wp-image-291\" title=\"Hermine Moser in Kinshasa\" src=\"https:\/\/bewegung-und-interaktion.at\/wp-content\/uploads\/2014\/01\/2013-11-12-08.52.311-300x225.jpg\" alt=\"Avenue Xoras, Limete, dahinter verbirgt sich mein Zuhause in den ersten vier Wochen\" width=\"300\" height=\"225\" srcset=\"https:\/\/bewegung-und-interaktion.at\/wp-content\/uploads\/2014\/01\/2013-11-12-08.52.311-300x225.jpg 300w, https:\/\/bewegung-und-interaktion.at\/wp-content\/uploads\/2014\/01\/2013-11-12-08.52.311-1024x768.jpg 1024w\" sizes=\"auto, (max-width: 300px) 100vw, 300px\" \/><\/a><p id=\"caption-attachment-291\" class=\"wp-caption-text\">Avenue Xoras, Limete, dahinter verbirgt sich mein Zuhause in den ersten vier Wochen<\/p><\/div>\n<p>Sonntag 24. 11. 2013 7:00 Uhr<br \/>\nIch bin ersch\u00f6pft. Ich\u00a0 hatte mir vorgenommen, einfach zu akzeptieren was ist. Den Schmutz drau\u00dfen, das nicht allein unterwegs sein k\u00f6nnen, das Essen, das Reden in einer Sprache, die ich ungen\u00fcgend verstehe und spreche. Und den L\u00e4rm. Den permanenten L\u00e4rm. Ich hatte mir vorgenommen, mich innerlich nicht dagegen aufzulehnen. Das w\u00fcrde nur unn\u00f6tig Kraft kosten. Aber jetzt merke ich, dass das gut und sch\u00f6n ist. Dass ich aber im Moment einfach k.o. bin. Kein ausschlafen gerade auch nicht am Sonntag, weil es da in der Eglise des Reveilles hier um die Ecke besonders zugeht (wie sonst auch fast jeden Tag, aber da eher nachmittags oder abends, was nicht weniger schrecklich ist). Und das geht stundenlang dahin! Mit immer gleichen Refrains und aggressiv klingenden Slogans, durchs Mikrofon gepl\u00e4rrt.<\/p>\n<p>17:30 Uhr<\/p>\n<p>Als ich einen Nachmittagsschlaf halten wollte,  nachdem ich flei\u00dfig an meinem Bericht geschrieben und meine E-Mails  empfangen hatte, genau da ging\u00b4s mit den  Reveilles wieder los. Ich h\u00e4tte es umdrehen sollen, vorher ausruhen und  dann erst arbeiten bzw. Kontakt halten. N\u00e4chsten Sonntag wei\u00df ich es  besser. Aber vielleicht werde ich ja doch mal an einem Sonntag diesen  goldigen K\u00e4fig nicht nur zum sonnt\u00e4glichen Kirchgang verlassen k\u00f6nnen,  sondern auch am m\u00e4chtigen Kongo-Fluss spazieren gehen, oder Stadtteile  besuchen, die angeblich so aussehen wie St\u00e4dte \u00fcberall auf der Welt. Die  Kathedrale besuchen. Oder ein Museum. Oder in ein Konzert oder Theater  gehen. Angeblich soll\u00b4s das alles hier geben. Unvorstellbar, wenn man so  wie ich nur zwischen den Stadtteilen Limete und St. Pierre pendelt.<\/p>\n<p>Naja.  Ich habe dann Lust raus zu gehen. Einfach mir die Beine vertreten. Noch  ist es nicht dunkel, die Luft ist nach einem heftigen Gewitter frisch.  Ich traue mich raus. Die Leute aus der Umgebung haben mich, denke ich,  wahrgenommen als Bewohnerin in ihrer Stra\u00dfe und k\u00f6nnen mich einordnen.  Aber leider, die T\u00fcr ist verschlossen. W\u00e4hrend der Woche ist ein  Torh\u00fcter da, der aufsperrt bzw. das offene Tor bewacht. Der hat am  Sonntag frei und die T\u00fcr ist zugesperrt. Die Mitbewohnerinnen schlafen.  Bevor ich einen Lagerkoller kriege, nehme ich mein Federballspiel, das  ich von zuhause f\u00fcr irgendwelche Bewegungsaktivit\u00e4ten in der Altenpflege  mitgenommen habe, und spiele allein mit dem Federball gegen die Mauer.<\/p>\n<p>Endlich  kommt die liebe Lea und hat Lust, mit mir zu spielen. Wir haben richtig  Spa\u00df. Beinahe lande \u00a0ich bei einem Sprung nach dem Federball mit der  Nase in der Erde, und beinahe verliert sie vor lauter Herumrennen ihren  Wickelrock. Wir spielen eine ganze Weile, verbessern uns schnell und  h\u00f6ren dann schwei\u00dfgebadet, was hier allerdings schnell der Fall ist,  auf. Morgen und jeden Tag wieder, versprechen wir uns! Dass ich vor  lauter Bewegungsdrang vergessen hatte, Insekten-Repellent aufzutragen  und mich die  Moskitos ordentlich erwischt haben, kann ich\/muss ich  sowieso  verkraften. Hauptsache Lagerkoller abgewendet. \ud83d\ude09<\/p>\n<div id=\"attachment_293\" style=\"width: 310px\" class=\"wp-caption alignnone\"><a href=\"https:\/\/bewegung-und-interaktion.at\/wp-content\/uploads\/2014\/01\/2013-11-12-08.57.01.jpg\"><img loading=\"lazy\" decoding=\"async\" aria-describedby=\"caption-attachment-293\" class=\"size-medium wp-image-293\" title=\"Hermine in Kinshasa\" src=\"https:\/\/bewegung-und-interaktion.at\/wp-content\/uploads\/2014\/01\/2013-11-12-08.57.01-300x225.jpg\" alt=\"Terasse vor dem Wohnzimmer\" width=\"300\" height=\"225\" srcset=\"https:\/\/bewegung-und-interaktion.at\/wp-content\/uploads\/2014\/01\/2013-11-12-08.57.01-300x225.jpg 300w, https:\/\/bewegung-und-interaktion.at\/wp-content\/uploads\/2014\/01\/2013-11-12-08.57.01-1024x768.jpg 1024w\" sizes=\"auto, (max-width: 300px) 100vw, 300px\" \/><\/a><p id=\"caption-attachment-293\" class=\"wp-caption-text\">Terasse vor dem Wohnzimmer<\/p><\/div>\n<div id=\"attachment_292\" style=\"width: 310px\" class=\"wp-caption alignnone\"><a href=\"https:\/\/bewegung-und-interaktion.at\/wp-content\/uploads\/2014\/01\/2013-11-12-08.56.49.jpg\"><img loading=\"lazy\" decoding=\"async\" aria-describedby=\"caption-attachment-292\" class=\"size-medium wp-image-292\" title=\"Hermine in Kinshasa\" src=\"https:\/\/bewegung-und-interaktion.at\/wp-content\/uploads\/2014\/01\/2013-11-12-08.56.49-300x225.jpg\" alt=\"Innenhof\" width=\"300\" height=\"225\" srcset=\"https:\/\/bewegung-und-interaktion.at\/wp-content\/uploads\/2014\/01\/2013-11-12-08.56.49-300x225.jpg 300w, https:\/\/bewegung-und-interaktion.at\/wp-content\/uploads\/2014\/01\/2013-11-12-08.56.49-1024x768.jpg 1024w\" sizes=\"auto, (max-width: 300px) 100vw, 300px\" \/><\/a><\/p>\n<div class=\"mceTemp\">\n<dl id=\"attachment_294\" class=\"wp-caption alignnone\" style=\"width: 310px;\">\n<dt class=\"wp-caption-dt\"><a href=\"https:\/\/bewegung-und-interaktion.at\/wp-content\/uploads\/2014\/01\/2013-11-29-09.11.45.jpg\"><img loading=\"lazy\" decoding=\"async\" aria-describedby=\"caption-attachment-292\" class=\"size-medium wp-image-294\" title=\"Hermine in Kinshasa\" src=\"https:\/\/bewegung-und-interaktion.at\/wp-content\/uploads\/2014\/01\/2013-11-29-09.11.45-300x225.jpg\" alt=\"&quot;Meine&quot; Schwestern\" width=\"300\" height=\"225\" srcset=\"https:\/\/bewegung-und-interaktion.at\/wp-content\/uploads\/2014\/01\/2013-11-29-09.11.45-300x225.jpg 300w, https:\/\/bewegung-und-interaktion.at\/wp-content\/uploads\/2014\/01\/2013-11-29-09.11.45-1024x768.jpg 1024w\" sizes=\"auto, (max-width: 300px) 100vw, 300px\" \/><\/a><p id=\"caption-attachment-292\" class=\"wp-caption-text\">&quot;Meine&quot; Schwestern<\/p><\/div>\n<\/dt>\n<dd class=\"wp-caption-dd\">Innenhof<\/dd>\n<\/dl>\n<\/div>\n","protected":false},"excerpt":{"rendered":"<p>Sonntag 24. 11. 2013 7:00 Uhr Ich bin ersch\u00f6pft. Ich\u00a0 hatte mir vorgenommen, einfach zu akzeptieren was ist. Den Schmutz drau\u00dfen, das nicht allein unterwegs sein k\u00f6nnen, das Essen, das Reden in einer Sprache, die ich ungen\u00fcgend verstehe und spreche. &hellip; <a href=\"https:\/\/bewegung-und-interaktion.at\/index.php\/sonntag-24-11-2013-700-uhr-in-kinshasa-stadtteil-limete\">Weiterlesen <span class=\"meta-nav\">&rarr;<\/span><\/a><\/p>\n","protected":false},"author":2,"featured_media":0,"comment_status":"open","ping_status":"closed","sticky":false,"template":"","format":"standard","meta":{"footnotes":""},"categories":[59,6,8],"tags":[],"class_list":["post-185","post","type-post","status-publish","format-standard","hentry","category-kinshasa","category-lebensqualitat","category-privat"],"yoast_head":"<!-- This site is optimized with the Yoast SEO plugin v27.5 - https:\/\/yoast.com\/product\/yoast-seo-wordpress\/ -->\n<title>Sonntag in Kinshasa  - Bewegung und Interaktion<\/title>\n<meta name=\"robots\" content=\"index, follow, max-snippet:-1, max-image-preview:large, max-video-preview:-1\" \/>\n<link rel=\"canonical\" href=\"https:\/\/bewegung-und-interaktion.at\/index.php\/sonntag-24-11-2013-700-uhr-in-kinshasa-stadtteil-limete\" \/>\n<meta property=\"og:locale\" content=\"de_DE\" \/>\n<meta property=\"og:type\" content=\"article\" \/>\n<meta property=\"og:title\" content=\"Sonntag in Kinshasa  - Bewegung und Interaktion\" \/>\n<meta property=\"og:description\" content=\"Sonntag 24. 11. 2013 7:00 Uhr Ich bin ersch\u00f6pft. Ich\u00a0 hatte mir vorgenommen, einfach zu akzeptieren was ist. Den Schmutz drau\u00dfen, das nicht allein unterwegs sein k\u00f6nnen, das Essen, das Reden in einer Sprache, die ich ungen\u00fcgend verstehe und spreche. &hellip; Weiterlesen &rarr;\" \/>\n<meta property=\"og:url\" content=\"https:\/\/bewegung-und-interaktion.at\/index.php\/sonntag-24-11-2013-700-uhr-in-kinshasa-stadtteil-limete\" \/>\n<meta property=\"og:site_name\" content=\"Bewegung und Interaktion\" \/>\n<meta property=\"article:published_time\" content=\"2014-01-31T08:51:42+00:00\" \/>\n<meta property=\"article:modified_time\" content=\"2014-01-31T17:45:22+00:00\" \/>\n<meta property=\"og:image\" content=\"https:\/\/bewegung-und-interaktion.at\/wp-content\/uploads\/2014\/01\/2013-11-12-08.52.311-300x225.jpg\" \/>\n<meta name=\"author\" content=\"Hermine Moser\" \/>\n<meta name=\"twitter:card\" content=\"summary_large_image\" \/>\n<meta name=\"twitter:label1\" content=\"Verfasst von\" \/>\n\t<meta name=\"twitter:data1\" content=\"Hermine Moser\" \/>\n\t<meta name=\"twitter:label2\" content=\"Gesch\u00e4tzte Lesezeit\" \/>\n\t<meta name=\"twitter:data2\" content=\"3\u00a0Minuten\" \/>\n<script type=\"application\/ld+json\" class=\"yoast-schema-graph\">{\"@context\":\"https:\\\/\\\/schema.org\",\"@graph\":[{\"@type\":\"Article\",\"@id\":\"https:\\\/\\\/bewegung-und-interaktion.at\\\/index.php\\\/sonntag-24-11-2013-700-uhr-in-kinshasa-stadtteil-limete#article\",\"isPartOf\":{\"@id\":\"https:\\\/\\\/bewegung-und-interaktion.at\\\/index.php\\\/sonntag-24-11-2013-700-uhr-in-kinshasa-stadtteil-limete\"},\"author\":{\"name\":\"Hermine Moser\",\"@id\":\"https:\\\/\\\/bewegung-und-interaktion.at\\\/#\\\/schema\\\/person\\\/419435730b70b11186d7e16056d78757\"},\"headline\":\"Sonntag in Kinshasa\",\"datePublished\":\"2014-01-31T08:51:42+00:00\",\"dateModified\":\"2014-01-31T17:45:22+00:00\",\"mainEntityOfPage\":{\"@id\":\"https:\\\/\\\/bewegung-und-interaktion.at\\\/index.php\\\/sonntag-24-11-2013-700-uhr-in-kinshasa-stadtteil-limete\"},\"wordCount\":536,\"commentCount\":1,\"image\":{\"@id\":\"https:\\\/\\\/bewegung-und-interaktion.at\\\/index.php\\\/sonntag-24-11-2013-700-uhr-in-kinshasa-stadtteil-limete#primaryimage\"},\"thumbnailUrl\":\"https:\\\/\\\/bewegung-und-interaktion.at\\\/wp-content\\\/uploads\\\/2014\\\/01\\\/2013-11-12-08.52.311-300x225.jpg\",\"articleSection\":[\"Kinshasa\",\"Lebensqualit\u00e4t\",\"Privat\"],\"inLanguage\":\"de\",\"potentialAction\":[{\"@type\":\"CommentAction\",\"name\":\"Comment\",\"target\":[\"https:\\\/\\\/bewegung-und-interaktion.at\\\/index.php\\\/sonntag-24-11-2013-700-uhr-in-kinshasa-stadtteil-limete#respond\"]}]},{\"@type\":\"WebPage\",\"@id\":\"https:\\\/\\\/bewegung-und-interaktion.at\\\/index.php\\\/sonntag-24-11-2013-700-uhr-in-kinshasa-stadtteil-limete\",\"url\":\"https:\\\/\\\/bewegung-und-interaktion.at\\\/index.php\\\/sonntag-24-11-2013-700-uhr-in-kinshasa-stadtteil-limete\",\"name\":\"Sonntag in Kinshasa - Bewegung und Interaktion\",\"isPartOf\":{\"@id\":\"https:\\\/\\\/bewegung-und-interaktion.at\\\/#website\"},\"primaryImageOfPage\":{\"@id\":\"https:\\\/\\\/bewegung-und-interaktion.at\\\/index.php\\\/sonntag-24-11-2013-700-uhr-in-kinshasa-stadtteil-limete#primaryimage\"},\"image\":{\"@id\":\"https:\\\/\\\/bewegung-und-interaktion.at\\\/index.php\\\/sonntag-24-11-2013-700-uhr-in-kinshasa-stadtteil-limete#primaryimage\"},\"thumbnailUrl\":\"https:\\\/\\\/bewegung-und-interaktion.at\\\/wp-content\\\/uploads\\\/2014\\\/01\\\/2013-11-12-08.52.311-300x225.jpg\",\"datePublished\":\"2014-01-31T08:51:42+00:00\",\"dateModified\":\"2014-01-31T17:45:22+00:00\",\"author\":{\"@id\":\"https:\\\/\\\/bewegung-und-interaktion.at\\\/#\\\/schema\\\/person\\\/419435730b70b11186d7e16056d78757\"},\"breadcrumb\":{\"@id\":\"https:\\\/\\\/bewegung-und-interaktion.at\\\/index.php\\\/sonntag-24-11-2013-700-uhr-in-kinshasa-stadtteil-limete#breadcrumb\"},\"inLanguage\":\"de\",\"potentialAction\":[{\"@type\":\"ReadAction\",\"target\":[\"https:\\\/\\\/bewegung-und-interaktion.at\\\/index.php\\\/sonntag-24-11-2013-700-uhr-in-kinshasa-stadtteil-limete\"]}]},{\"@type\":\"ImageObject\",\"inLanguage\":\"de\",\"@id\":\"https:\\\/\\\/bewegung-und-interaktion.at\\\/index.php\\\/sonntag-24-11-2013-700-uhr-in-kinshasa-stadtteil-limete#primaryimage\",\"url\":\"https:\\\/\\\/bewegung-und-interaktion.at\\\/wp-content\\\/uploads\\\/2014\\\/01\\\/2013-11-12-08.52.311.jpg\",\"contentUrl\":\"https:\\\/\\\/bewegung-und-interaktion.at\\\/wp-content\\\/uploads\\\/2014\\\/01\\\/2013-11-12-08.52.311.jpg\",\"width\":\"3264\",\"height\":\"2448\",\"caption\":\"Avenue Xoras, Limete, dahinter verbirgt sich mein Zuhause in den ersten vier Wochen\"},{\"@type\":\"BreadcrumbList\",\"@id\":\"https:\\\/\\\/bewegung-und-interaktion.at\\\/index.php\\\/sonntag-24-11-2013-700-uhr-in-kinshasa-stadtteil-limete#breadcrumb\",\"itemListElement\":[{\"@type\":\"ListItem\",\"position\":1,\"name\":\"Startseite\",\"item\":\"https:\\\/\\\/bewegung-und-interaktion.at\\\/\"},{\"@type\":\"ListItem\",\"position\":2,\"name\":\"Sonntag in Kinshasa\"}]},{\"@type\":\"WebSite\",\"@id\":\"https:\\\/\\\/bewegung-und-interaktion.at\\\/#website\",\"url\":\"https:\\\/\\\/bewegung-und-interaktion.at\\\/\",\"name\":\"Bewegung und Interaktion\",\"description\":\"von Hermine Moser\",\"potentialAction\":[{\"@type\":\"SearchAction\",\"target\":{\"@type\":\"EntryPoint\",\"urlTemplate\":\"https:\\\/\\\/bewegung-und-interaktion.at\\\/?s={search_term_string}\"},\"query-input\":{\"@type\":\"PropertyValueSpecification\",\"valueRequired\":true,\"valueName\":\"search_term_string\"}}],\"inLanguage\":\"de\"},{\"@type\":\"Person\",\"@id\":\"https:\\\/\\\/bewegung-und-interaktion.at\\\/#\\\/schema\\\/person\\\/419435730b70b11186d7e16056d78757\",\"name\":\"Hermine Moser\",\"url\":\"https:\\\/\\\/bewegung-und-interaktion.at\\\/index.php\\\/author\\\/hmoser\"}]}<\/script>\n<!-- \/ Yoast SEO plugin. -->","yoast_head_json":{"title":"Sonntag in Kinshasa  - Bewegung und Interaktion","robots":{"index":"index","follow":"follow","max-snippet":"max-snippet:-1","max-image-preview":"max-image-preview:large","max-video-preview":"max-video-preview:-1"},"canonical":"https:\/\/bewegung-und-interaktion.at\/index.php\/sonntag-24-11-2013-700-uhr-in-kinshasa-stadtteil-limete","og_locale":"de_DE","og_type":"article","og_title":"Sonntag in Kinshasa  - Bewegung und Interaktion","og_description":"Sonntag 24. 11. 2013 7:00 Uhr Ich bin ersch\u00f6pft. Ich\u00a0 hatte mir vorgenommen, einfach zu akzeptieren was ist. Den Schmutz drau\u00dfen, das nicht allein unterwegs sein k\u00f6nnen, das Essen, das Reden in einer Sprache, die ich ungen\u00fcgend verstehe und spreche. &hellip; Weiterlesen &rarr;","og_url":"https:\/\/bewegung-und-interaktion.at\/index.php\/sonntag-24-11-2013-700-uhr-in-kinshasa-stadtteil-limete","og_site_name":"Bewegung und Interaktion","article_published_time":"2014-01-31T08:51:42+00:00","article_modified_time":"2014-01-31T17:45:22+00:00","og_image":[{"url":"https:\/\/bewegung-und-interaktion.at\/wp-content\/uploads\/2014\/01\/2013-11-12-08.52.311-300x225.jpg","type":"","width":"","height":""}],"author":"Hermine Moser","twitter_card":"summary_large_image","twitter_misc":{"Verfasst von":"Hermine Moser","Gesch\u00e4tzte Lesezeit":"3\u00a0Minuten"},"schema":{"@context":"https:\/\/schema.org","@graph":[{"@type":"Article","@id":"https:\/\/bewegung-und-interaktion.at\/index.php\/sonntag-24-11-2013-700-uhr-in-kinshasa-stadtteil-limete#article","isPartOf":{"@id":"https:\/\/bewegung-und-interaktion.at\/index.php\/sonntag-24-11-2013-700-uhr-in-kinshasa-stadtteil-limete"},"author":{"name":"Hermine Moser","@id":"https:\/\/bewegung-und-interaktion.at\/#\/schema\/person\/419435730b70b11186d7e16056d78757"},"headline":"Sonntag in Kinshasa","datePublished":"2014-01-31T08:51:42+00:00","dateModified":"2014-01-31T17:45:22+00:00","mainEntityOfPage":{"@id":"https:\/\/bewegung-und-interaktion.at\/index.php\/sonntag-24-11-2013-700-uhr-in-kinshasa-stadtteil-limete"},"wordCount":536,"commentCount":1,"image":{"@id":"https:\/\/bewegung-und-interaktion.at\/index.php\/sonntag-24-11-2013-700-uhr-in-kinshasa-stadtteil-limete#primaryimage"},"thumbnailUrl":"https:\/\/bewegung-und-interaktion.at\/wp-content\/uploads\/2014\/01\/2013-11-12-08.52.311-300x225.jpg","articleSection":["Kinshasa","Lebensqualit\u00e4t","Privat"],"inLanguage":"de","potentialAction":[{"@type":"CommentAction","name":"Comment","target":["https:\/\/bewegung-und-interaktion.at\/index.php\/sonntag-24-11-2013-700-uhr-in-kinshasa-stadtteil-limete#respond"]}]},{"@type":"WebPage","@id":"https:\/\/bewegung-und-interaktion.at\/index.php\/sonntag-24-11-2013-700-uhr-in-kinshasa-stadtteil-limete","url":"https:\/\/bewegung-und-interaktion.at\/index.php\/sonntag-24-11-2013-700-uhr-in-kinshasa-stadtteil-limete","name":"Sonntag in Kinshasa - Bewegung und Interaktion","isPartOf":{"@id":"https:\/\/bewegung-und-interaktion.at\/#website"},"primaryImageOfPage":{"@id":"https:\/\/bewegung-und-interaktion.at\/index.php\/sonntag-24-11-2013-700-uhr-in-kinshasa-stadtteil-limete#primaryimage"},"image":{"@id":"https:\/\/bewegung-und-interaktion.at\/index.php\/sonntag-24-11-2013-700-uhr-in-kinshasa-stadtteil-limete#primaryimage"},"thumbnailUrl":"https:\/\/bewegung-und-interaktion.at\/wp-content\/uploads\/2014\/01\/2013-11-12-08.52.311-300x225.jpg","datePublished":"2014-01-31T08:51:42+00:00","dateModified":"2014-01-31T17:45:22+00:00","author":{"@id":"https:\/\/bewegung-und-interaktion.at\/#\/schema\/person\/419435730b70b11186d7e16056d78757"},"breadcrumb":{"@id":"https:\/\/bewegung-und-interaktion.at\/index.php\/sonntag-24-11-2013-700-uhr-in-kinshasa-stadtteil-limete#breadcrumb"},"inLanguage":"de","potentialAction":[{"@type":"ReadAction","target":["https:\/\/bewegung-und-interaktion.at\/index.php\/sonntag-24-11-2013-700-uhr-in-kinshasa-stadtteil-limete"]}]},{"@type":"ImageObject","inLanguage":"de","@id":"https:\/\/bewegung-und-interaktion.at\/index.php\/sonntag-24-11-2013-700-uhr-in-kinshasa-stadtteil-limete#primaryimage","url":"https:\/\/bewegung-und-interaktion.at\/wp-content\/uploads\/2014\/01\/2013-11-12-08.52.311.jpg","contentUrl":"https:\/\/bewegung-und-interaktion.at\/wp-content\/uploads\/2014\/01\/2013-11-12-08.52.311.jpg","width":"3264","height":"2448","caption":"Avenue Xoras, Limete, dahinter verbirgt sich mein Zuhause in den ersten vier Wochen"},{"@type":"BreadcrumbList","@id":"https:\/\/bewegung-und-interaktion.at\/index.php\/sonntag-24-11-2013-700-uhr-in-kinshasa-stadtteil-limete#breadcrumb","itemListElement":[{"@type":"ListItem","position":1,"name":"Startseite","item":"https:\/\/bewegung-und-interaktion.at\/"},{"@type":"ListItem","position":2,"name":"Sonntag in Kinshasa"}]},{"@type":"WebSite","@id":"https:\/\/bewegung-und-interaktion.at\/#website","url":"https:\/\/bewegung-und-interaktion.at\/","name":"Bewegung und Interaktion","description":"von Hermine Moser","potentialAction":[{"@type":"SearchAction","target":{"@type":"EntryPoint","urlTemplate":"https:\/\/bewegung-und-interaktion.at\/?s={search_term_string}"},"query-input":{"@type":"PropertyValueSpecification","valueRequired":true,"valueName":"search_term_string"}}],"inLanguage":"de"},{"@type":"Person","@id":"https:\/\/bewegung-und-interaktion.at\/#\/schema\/person\/419435730b70b11186d7e16056d78757","name":"Hermine Moser","url":"https:\/\/bewegung-und-interaktion.at\/index.php\/author\/hmoser"}]}},"_links":{"self":[{"href":"https:\/\/bewegung-und-interaktion.at\/index.php\/wp-json\/wp\/v2\/posts\/185","targetHints":{"allow":["GET"]}}],"collection":[{"href":"https:\/\/bewegung-und-interaktion.at\/index.php\/wp-json\/wp\/v2\/posts"}],"about":[{"href":"https:\/\/bewegung-und-interaktion.at\/index.php\/wp-json\/wp\/v2\/types\/post"}],"author":[{"embeddable":true,"href":"https:\/\/bewegung-und-interaktion.at\/index.php\/wp-json\/wp\/v2\/users\/2"}],"replies":[{"embeddable":true,"href":"https:\/\/bewegung-und-interaktion.at\/index.php\/wp-json\/wp\/v2\/comments?post=185"}],"version-history":[{"count":10,"href":"https:\/\/bewegung-und-interaktion.at\/index.php\/wp-json\/wp\/v2\/posts\/185\/revisions"}],"predecessor-version":[{"id":188,"href":"https:\/\/bewegung-und-interaktion.at\/index.php\/wp-json\/wp\/v2\/posts\/185\/revisions\/188"}],"wp:attachment":[{"href":"https:\/\/bewegung-und-interaktion.at\/index.php\/wp-json\/wp\/v2\/media?parent=185"}],"wp:term":[{"taxonomy":"category","embeddable":true,"href":"https:\/\/bewegung-und-interaktion.at\/index.php\/wp-json\/wp\/v2\/categories?post=185"},{"taxonomy":"post_tag","embeddable":true,"href":"https:\/\/bewegung-und-interaktion.at\/index.php\/wp-json\/wp\/v2\/tags?post=185"}],"curies":[{"name":"wp","href":"https:\/\/api.w.org\/{rel}","templated":true}]}}