{"id":103,"date":"2010-03-19T19:59:31","date_gmt":"2010-03-19T19:59:31","guid":{"rendered":"http:\/\/hmoser.wordpress.com\/?p=103"},"modified":"2010-03-19T19:59:31","modified_gmt":"2010-03-19T19:59:31","slug":"funf-jahre-frauentreff","status":"publish","type":"post","link":"https:\/\/bewegung-und-interaktion.at\/index.php\/funf-jahre-frauentreff","title":{"rendered":"F\u00fcnf Jahre\u00a0Frauentreff"},"content":{"rendered":"<p>Seit knapp f\u00fcnf Jahren gibt es die interkulturelle\/interreligi\u00f6se Gruppe \u201eFreist\u00e4dter Frauentreff\u201c. Sie ist entstanden, weil Frauen der Aufnahmegesellschaft und zugewanderte Frauen bzw. Frauen, die unterschiedlichen Religionen angeh\u00f6ren (Islam und Christentum), einander begegnen wollten. Ich selber bin im ersten Jahr zur Gruppe gesto\u00dfen und habe die Entwicklung der Gruppe, die ich auch mit gestaltet habe, nahe miterlebt.<\/p>\n<p>Nun dr\u00e4ngt es mich, ein Res\u00fcmee zu ziehen. Was ist aus der gegenseitigen Neugierde f\u00fcreinander geworden? Welche Art des Miteinanders und des Verst\u00e4ndnisses f\u00fcreinander hat sich entwickelt?<\/p>\n<p>Die R\u00e4umlichkeiten, in denen wir uns einmal im Monat treffen, und die sich im Lauf der Zeit ver\u00e4ndert haben, k\u00f6nnen manches der Entwicklung widerspiegeln. H\u00e4ufig war es das katholische Pfarrheim, manchmal das Integrationsb\u00fcro, und immer wieder die Moschee.<\/p>\n<p>Um die geht es mir in diesem Beitrag. Das neue muslimische Gemeindezentrum, das uns nach einer Renovierungsphase f\u00fcr unsere Treffen abwechselnd mit den anderen Orten zur Verf\u00fcgung stand, war gro\u00df, ger\u00e4umig und bot uns genau den Rahmen, den wir brauchten um uns wohl zu f\u00fchlen. Wir hatten genug Platz, um zwischendurch eine Bewegungsaktivit\u00e4t zu machen, z.B. einen Kreistanz, und konnten uns dann wieder in der Runde zusammen setzen. Klingelte bei einer Frau das Handy, so konnte sie sich leicht zur\u00fcckziehen und telefonieren, ohne die Gruppe zu st\u00f6ren. Allerdings war an dem Abend, an denen wir Frauen in der Moschee waren, wegen der im Islam \u00fcblichen Geschlechtertrennung der Zutritt f\u00fcr M\u00e4nner nicht m\u00f6glich. Das \u00e4nderte sich aber. Die Renovierungsarbeiten waren vorangeschritten und eines Abends warteten Frauen, um uns beim Nebeneingang in das Gemeindezentrum und gleich die Treppe rauf zu f\u00fchren. Im Obergescho\u00df durften wir einen kleinen Raum mit kleinen Oberlicht-Fenstern nutzen. Darin war nur Platz f\u00fcr den Tisch in der Mitte und die Sessel rundherum. Wir klebten mit den R\u00fccken an der Wand und hatten alle Bewegungsfreiheit verloren. Das beeinflusste unser Zusammensein. Frustrierend war auch das Bewusstsein, dass die schlechteren R\u00e4umlichkeiten den Frauen und M\u00e4dchen vorbehalten sind. Den gro\u00dfen Raum hatten wir nur vorl\u00e4ufig nutzen k\u00f6nnen, solange die Frauenr\u00e4ume noch nicht fertig waren. F\u00fcr die muslimischen Freundinnen ist diese Raum-Regelung ganz selbstverst\u00e4ndlich.<\/p>\n<p>Ich f\u00fchle eine Entfremdung bzw. nehme desillusioniert zur Kenntnis, dass alle Ann\u00e4herung vielleicht nur in unserer Phantasie stattgefunden hat. Die Pr\u00e4gungen was Frauen d\u00fcrfen, was ihnen zusteht, sind tief. Da finden wir wohl leider nicht zusammen \u2026<\/p>\n","protected":false},"excerpt":{"rendered":"<p>Seit knapp f\u00fcnf Jahren gibt es die interkulturelle\/interreligi\u00f6se Gruppe \u201eFreist\u00e4dter Frauentreff\u201c. Sie ist entstanden, weil Frauen der Aufnahmegesellschaft und zugewanderte Frauen bzw. Frauen, die unterschiedlichen Religionen angeh\u00f6ren (Islam und Christentum), einander begegnen wollten. Ich selber bin im ersten Jahr zur &hellip; <a href=\"https:\/\/bewegung-und-interaktion.at\/index.php\/funf-jahre-frauentreff\">Weiterlesen <span class=\"meta-nav\">&rarr;<\/span><\/a><\/p>\n","protected":false},"author":2,"featured_media":0,"comment_status":"open","ping_status":"closed","sticky":false,"template":"","format":"standard","meta":{"footnotes":""},"categories":[4],"tags":[10,20,23,34,47],"class_list":["post-103","post","type-post","status-publish","format-standard","hentry","category-interkulturelles","tag-anderssein","tag-dialog","tag-fremdheit","tag-moschee","tag-verstandigung"],"yoast_head":"<!-- This site is optimized with the Yoast SEO plugin v27.5 - https:\/\/yoast.com\/product\/yoast-seo-wordpress\/ -->\n<title>F\u00fcnf Jahre\u00a0Frauentreff - Bewegung und Interaktion<\/title>\n<meta name=\"robots\" content=\"index, follow, max-snippet:-1, max-image-preview:large, max-video-preview:-1\" \/>\n<link rel=\"canonical\" href=\"https:\/\/bewegung-und-interaktion.at\/index.php\/funf-jahre-frauentreff\" \/>\n<meta property=\"og:locale\" content=\"de_DE\" \/>\n<meta property=\"og:type\" content=\"article\" \/>\n<meta property=\"og:title\" content=\"F\u00fcnf Jahre\u00a0Frauentreff - Bewegung und Interaktion\" \/>\n<meta property=\"og:description\" content=\"Seit knapp f\u00fcnf Jahren gibt es die interkulturelle\/interreligi\u00f6se Gruppe \u201eFreist\u00e4dter Frauentreff\u201c. Sie ist entstanden, weil Frauen der Aufnahmegesellschaft und zugewanderte Frauen bzw. Frauen, die unterschiedlichen Religionen angeh\u00f6ren (Islam und Christentum), einander begegnen wollten. Ich selber bin im ersten Jahr zur &hellip; Weiterlesen &rarr;\" \/>\n<meta property=\"og:url\" content=\"https:\/\/bewegung-und-interaktion.at\/index.php\/funf-jahre-frauentreff\" \/>\n<meta property=\"og:site_name\" content=\"Bewegung und Interaktion\" \/>\n<meta property=\"article:published_time\" content=\"2010-03-19T19:59:31+00:00\" \/>\n<meta name=\"author\" content=\"Hermine Moser\" \/>\n<meta name=\"twitter:card\" content=\"summary_large_image\" \/>\n<meta name=\"twitter:label1\" content=\"Verfasst von\" \/>\n\t<meta name=\"twitter:data1\" content=\"Hermine Moser\" \/>\n\t<meta name=\"twitter:label2\" content=\"Gesch\u00e4tzte Lesezeit\" \/>\n\t<meta name=\"twitter:data2\" content=\"2\u00a0Minuten\" \/>\n<script type=\"application\/ld+json\" class=\"yoast-schema-graph\">{\"@context\":\"https:\\\/\\\/schema.org\",\"@graph\":[{\"@type\":\"Article\",\"@id\":\"https:\\\/\\\/bewegung-und-interaktion.at\\\/index.php\\\/funf-jahre-frauentreff#article\",\"isPartOf\":{\"@id\":\"https:\\\/\\\/bewegung-und-interaktion.at\\\/index.php\\\/funf-jahre-frauentreff\"},\"author\":{\"name\":\"Hermine Moser\",\"@id\":\"https:\\\/\\\/bewegung-und-interaktion.at\\\/#\\\/schema\\\/person\\\/419435730b70b11186d7e16056d78757\"},\"headline\":\"F\u00fcnf Jahre\u00a0Frauentreff\",\"datePublished\":\"2010-03-19T19:59:31+00:00\",\"mainEntityOfPage\":{\"@id\":\"https:\\\/\\\/bewegung-und-interaktion.at\\\/index.php\\\/funf-jahre-frauentreff\"},\"wordCount\":424,\"commentCount\":0,\"keywords\":[\"Anderssein\",\"Dialog\",\"Fremdheit\",\"Moschee\",\"Verst\u00e4ndigung\"],\"articleSection\":[\"Interkulturelles\"],\"inLanguage\":\"de\",\"potentialAction\":[{\"@type\":\"CommentAction\",\"name\":\"Comment\",\"target\":[\"https:\\\/\\\/bewegung-und-interaktion.at\\\/index.php\\\/funf-jahre-frauentreff#respond\"]}]},{\"@type\":\"WebPage\",\"@id\":\"https:\\\/\\\/bewegung-und-interaktion.at\\\/index.php\\\/funf-jahre-frauentreff\",\"url\":\"https:\\\/\\\/bewegung-und-interaktion.at\\\/index.php\\\/funf-jahre-frauentreff\",\"name\":\"F\u00fcnf Jahre\u00a0Frauentreff - Bewegung und Interaktion\",\"isPartOf\":{\"@id\":\"https:\\\/\\\/bewegung-und-interaktion.at\\\/#website\"},\"datePublished\":\"2010-03-19T19:59:31+00:00\",\"author\":{\"@id\":\"https:\\\/\\\/bewegung-und-interaktion.at\\\/#\\\/schema\\\/person\\\/419435730b70b11186d7e16056d78757\"},\"breadcrumb\":{\"@id\":\"https:\\\/\\\/bewegung-und-interaktion.at\\\/index.php\\\/funf-jahre-frauentreff#breadcrumb\"},\"inLanguage\":\"de\",\"potentialAction\":[{\"@type\":\"ReadAction\",\"target\":[\"https:\\\/\\\/bewegung-und-interaktion.at\\\/index.php\\\/funf-jahre-frauentreff\"]}]},{\"@type\":\"BreadcrumbList\",\"@id\":\"https:\\\/\\\/bewegung-und-interaktion.at\\\/index.php\\\/funf-jahre-frauentreff#breadcrumb\",\"itemListElement\":[{\"@type\":\"ListItem\",\"position\":1,\"name\":\"Startseite\",\"item\":\"https:\\\/\\\/bewegung-und-interaktion.at\\\/\"},{\"@type\":\"ListItem\",\"position\":2,\"name\":\"F\u00fcnf Jahre\u00a0Frauentreff\"}]},{\"@type\":\"WebSite\",\"@id\":\"https:\\\/\\\/bewegung-und-interaktion.at\\\/#website\",\"url\":\"https:\\\/\\\/bewegung-und-interaktion.at\\\/\",\"name\":\"Bewegung und Interaktion\",\"description\":\"von Hermine Moser\",\"potentialAction\":[{\"@type\":\"SearchAction\",\"target\":{\"@type\":\"EntryPoint\",\"urlTemplate\":\"https:\\\/\\\/bewegung-und-interaktion.at\\\/?s={search_term_string}\"},\"query-input\":{\"@type\":\"PropertyValueSpecification\",\"valueRequired\":true,\"valueName\":\"search_term_string\"}}],\"inLanguage\":\"de\"},{\"@type\":\"Person\",\"@id\":\"https:\\\/\\\/bewegung-und-interaktion.at\\\/#\\\/schema\\\/person\\\/419435730b70b11186d7e16056d78757\",\"name\":\"Hermine Moser\",\"url\":\"https:\\\/\\\/bewegung-und-interaktion.at\\\/index.php\\\/author\\\/hmoser\"}]}<\/script>\n<!-- \/ Yoast SEO plugin. -->","yoast_head_json":{"title":"F\u00fcnf Jahre\u00a0Frauentreff - Bewegung und Interaktion","robots":{"index":"index","follow":"follow","max-snippet":"max-snippet:-1","max-image-preview":"max-image-preview:large","max-video-preview":"max-video-preview:-1"},"canonical":"https:\/\/bewegung-und-interaktion.at\/index.php\/funf-jahre-frauentreff","og_locale":"de_DE","og_type":"article","og_title":"F\u00fcnf Jahre\u00a0Frauentreff - Bewegung und Interaktion","og_description":"Seit knapp f\u00fcnf Jahren gibt es die interkulturelle\/interreligi\u00f6se Gruppe \u201eFreist\u00e4dter Frauentreff\u201c. Sie ist entstanden, weil Frauen der Aufnahmegesellschaft und zugewanderte Frauen bzw. Frauen, die unterschiedlichen Religionen angeh\u00f6ren (Islam und Christentum), einander begegnen wollten. Ich selber bin im ersten Jahr zur &hellip; Weiterlesen &rarr;","og_url":"https:\/\/bewegung-und-interaktion.at\/index.php\/funf-jahre-frauentreff","og_site_name":"Bewegung und Interaktion","article_published_time":"2010-03-19T19:59:31+00:00","author":"Hermine Moser","twitter_card":"summary_large_image","twitter_misc":{"Verfasst von":"Hermine Moser","Gesch\u00e4tzte Lesezeit":"2\u00a0Minuten"},"schema":{"@context":"https:\/\/schema.org","@graph":[{"@type":"Article","@id":"https:\/\/bewegung-und-interaktion.at\/index.php\/funf-jahre-frauentreff#article","isPartOf":{"@id":"https:\/\/bewegung-und-interaktion.at\/index.php\/funf-jahre-frauentreff"},"author":{"name":"Hermine Moser","@id":"https:\/\/bewegung-und-interaktion.at\/#\/schema\/person\/419435730b70b11186d7e16056d78757"},"headline":"F\u00fcnf Jahre\u00a0Frauentreff","datePublished":"2010-03-19T19:59:31+00:00","mainEntityOfPage":{"@id":"https:\/\/bewegung-und-interaktion.at\/index.php\/funf-jahre-frauentreff"},"wordCount":424,"commentCount":0,"keywords":["Anderssein","Dialog","Fremdheit","Moschee","Verst\u00e4ndigung"],"articleSection":["Interkulturelles"],"inLanguage":"de","potentialAction":[{"@type":"CommentAction","name":"Comment","target":["https:\/\/bewegung-und-interaktion.at\/index.php\/funf-jahre-frauentreff#respond"]}]},{"@type":"WebPage","@id":"https:\/\/bewegung-und-interaktion.at\/index.php\/funf-jahre-frauentreff","url":"https:\/\/bewegung-und-interaktion.at\/index.php\/funf-jahre-frauentreff","name":"F\u00fcnf Jahre\u00a0Frauentreff - Bewegung und Interaktion","isPartOf":{"@id":"https:\/\/bewegung-und-interaktion.at\/#website"},"datePublished":"2010-03-19T19:59:31+00:00","author":{"@id":"https:\/\/bewegung-und-interaktion.at\/#\/schema\/person\/419435730b70b11186d7e16056d78757"},"breadcrumb":{"@id":"https:\/\/bewegung-und-interaktion.at\/index.php\/funf-jahre-frauentreff#breadcrumb"},"inLanguage":"de","potentialAction":[{"@type":"ReadAction","target":["https:\/\/bewegung-und-interaktion.at\/index.php\/funf-jahre-frauentreff"]}]},{"@type":"BreadcrumbList","@id":"https:\/\/bewegung-und-interaktion.at\/index.php\/funf-jahre-frauentreff#breadcrumb","itemListElement":[{"@type":"ListItem","position":1,"name":"Startseite","item":"https:\/\/bewegung-und-interaktion.at\/"},{"@type":"ListItem","position":2,"name":"F\u00fcnf Jahre\u00a0Frauentreff"}]},{"@type":"WebSite","@id":"https:\/\/bewegung-und-interaktion.at\/#website","url":"https:\/\/bewegung-und-interaktion.at\/","name":"Bewegung und Interaktion","description":"von Hermine Moser","potentialAction":[{"@type":"SearchAction","target":{"@type":"EntryPoint","urlTemplate":"https:\/\/bewegung-und-interaktion.at\/?s={search_term_string}"},"query-input":{"@type":"PropertyValueSpecification","valueRequired":true,"valueName":"search_term_string"}}],"inLanguage":"de"},{"@type":"Person","@id":"https:\/\/bewegung-und-interaktion.at\/#\/schema\/person\/419435730b70b11186d7e16056d78757","name":"Hermine Moser","url":"https:\/\/bewegung-und-interaktion.at\/index.php\/author\/hmoser"}]}},"_links":{"self":[{"href":"https:\/\/bewegung-und-interaktion.at\/index.php\/wp-json\/wp\/v2\/posts\/103","targetHints":{"allow":["GET"]}}],"collection":[{"href":"https:\/\/bewegung-und-interaktion.at\/index.php\/wp-json\/wp\/v2\/posts"}],"about":[{"href":"https:\/\/bewegung-und-interaktion.at\/index.php\/wp-json\/wp\/v2\/types\/post"}],"author":[{"embeddable":true,"href":"https:\/\/bewegung-und-interaktion.at\/index.php\/wp-json\/wp\/v2\/users\/2"}],"replies":[{"embeddable":true,"href":"https:\/\/bewegung-und-interaktion.at\/index.php\/wp-json\/wp\/v2\/comments?post=103"}],"version-history":[{"count":0,"href":"https:\/\/bewegung-und-interaktion.at\/index.php\/wp-json\/wp\/v2\/posts\/103\/revisions"}],"wp:attachment":[{"href":"https:\/\/bewegung-und-interaktion.at\/index.php\/wp-json\/wp\/v2\/media?parent=103"}],"wp:term":[{"taxonomy":"category","embeddable":true,"href":"https:\/\/bewegung-und-interaktion.at\/index.php\/wp-json\/wp\/v2\/categories?post=103"},{"taxonomy":"post_tag","embeddable":true,"href":"https:\/\/bewegung-und-interaktion.at\/index.php\/wp-json\/wp\/v2\/tags?post=103"}],"curies":[{"name":"wp","href":"https:\/\/api.w.org\/{rel}","templated":true}]}}